{"id":277921,"date":"2025-07-27T18:27:12","date_gmt":"2025-07-27T18:27:12","guid":{"rendered":"https:\/\/www.europesays.com\/fr\/277921\/"},"modified":"2025-07-27T18:27:12","modified_gmt":"2025-07-27T18:27:12","slug":"parade-navale-russe-annulee-et-renforcement-des-liens-entre-moscou-et-pyongyang","status":"publish","type":"post","link":"https:\/\/www.europesays.com\/fr\/277921\/","title":{"rendered":"Parade navale russe annul\u00e9e et renforcement des liens entre Moscou et Pyongyang"},"content":{"rendered":"<p><strong>R\u00e9cap&rsquo; &#8211; \u00ab 20 Minutes \u00bb fait le point pour vous tous les soirs sur le conflit. Ce dimanche, au 1.250e jour du conflit, Emmanuel Macron a redit \u00e0 Volodymir Zelensky l\u2019importance de la lutte contre la corruption<\/strong><\/p>\n<p>Vous avez rat\u00e9 les derniers \u00e9v\u00e9nements sur la <a href=\"https:\/\/www.20minutes.fr\/monde\/ukraine\/?at_medium=RSS%20feed&amp;at_campaign=ynews&amp;utm_source=yahoo&amp;utm_medium=rss&amp;utm_campaign=news_feed&amp;utm_content=in_article_link\" rel=\"nofollow noopener\" target=\"_blank\" data-ylk=\"slk:guerre en Ukraine;elm:context_link;itc:0;sec:content-canvas\" class=\"link \">guerre en Ukraine<\/a> ? 20 Minutes fait le point pour vous tous les soirs. Voici l\u2019essentiel de ce dimanche 27 juillet, 1.250e jour du conflit.<\/p>\n<p>Le fait du jour<\/p>\n<p>La <a href=\"https:\/\/www.20minutes.fr\/monde\/russie\/?at_medium=RSS%20feed&amp;at_campaign=ynews&amp;utm_source=yahoo&amp;utm_medium=rss&amp;utm_campaign=news_feed&amp;utm_content=in_article_link\" rel=\"nofollow noopener\" target=\"_blank\" data-ylk=\"slk:Russie;elm:context_link;itc:0;sec:content-canvas\" class=\"link \">Russie<\/a>, qui f\u00eatait ce dimanche la Journ\u00e9e de la Flotte russe, a<a href=\"https:\/\/www.20minutes.fr\/monde\/russie\/4165477-20250727-russie-grande-parade-navale-annuelle-annulee-raisons-securite?at_medium=RSS%20feed&amp;at_campaign=ynews&amp;utm_source=yahoo&amp;utm_medium=rss&amp;utm_campaign=news_feed&amp;utm_content=in_article_link\" rel=\"nofollow noopener\" target=\"_blank\" data-ylk=\"slk:annul\u00e9 une grande parade navale;elm:context_link;itc:0;sec:content-canvas\" class=\"link \"> annul\u00e9 une grande parade navale<\/a> pr\u00e9vue \u00e0 cette occasion pour des \u00ab raisons de s\u00e9curit\u00e9 \u00bb, a annonc\u00e9 le Kremlin. Ce d\u00e9fil\u00e9, organis\u00e9 depuis 2017 \u00e0 Saint-P\u00e9tersbourg, permet au pays d\u2019<a href=\"https:\/\/www.20minutes.fr\/monde\/ukraine\/4155656-20250527-guerre-ukraine-moscou-sites-petroliers-usines-jusqu-armee-ukrainienne-peut-frapper-russie?at_medium=RSS%20feed&amp;at_campaign=ynews&amp;utm_source=yahoo&amp;utm_medium=rss&amp;utm_campaign=news_feed&amp;utm_content=in_article_link\" rel=\"nofollow noopener\" target=\"_blank\" data-ylk=\"slk:\u00e9taler sa puissance navale;elm:context_link;itc:0;sec:content-canvas\" class=\"link \">\u00e9taler sa puissance navale<\/a>. Des navires de surface et des sous-marins y participent.<\/p>\n<p>Le pr\u00e9sident russe, Vladimir Poutine, qui a assist\u00e9 en personne \u00e0 ce d\u00e9fil\u00e9 chaque ann\u00e9e, a f\u00e9licit\u00e9 la marine russe dans un message vid\u00e9o, saluant notamment l&rsquo; \u00ab audace \u00bb et l&rsquo; \u00ab h\u00e9ro\u00efsme \u00bb des <a href=\"https:\/\/www.20minutes.fr\/monde\/ukraine\/4148990-20250424-marge-ukraine-comment-russie-mene-europe-guerre-fonds-marins?at_medium=RSS%20feed&amp;at_campaign=ynews&amp;utm_source=yahoo&amp;utm_medium=rss&amp;utm_campaign=news_feed&amp;utm_content=in_article_link\" rel=\"nofollow noopener\" target=\"_blank\" data-ylk=\"slk:marins russes participant \u00e0 l\u2019op\u00e9ration militaire en Ukraine;elm:context_link;itc:0;sec:content-canvas\" class=\"link \">marins russes participant \u00e0 l\u2019op\u00e9ration militaire en Ukraine<\/a>. Aucune explication pr\u00e9cise concernant cette annulation n\u2019a toutefois \u00e9t\u00e9 donn\u00e9e.<\/p>\n<p>La citation du jour<\/p>\n<blockquote class=\"caas-blockquote\">\n<p>\u00ab Nous avons partag\u00e9 la conviction que ce qui distingue aussi, aujourd\u2019hui, l\u2019Ukraine de la Russie, c\u2019est qu\u2019elle reste, malgr\u00e9 la guerre, une d\u00e9mocratie vibrante &#8211; et qu\u2019elle entend continuer \u00e0 progresser sur son chemin europ\u00e9en. Dans ce contexte, nous avons r\u00e9affirm\u00e9 l\u2019importance de la lutte contre la corruption \u00bb &#8211; Emmanuel Macron<\/p>\n<\/blockquote>\n<p>Cette semaine, Volodymir Zelensky avait provoqu\u00e9 un toll\u00e9 avec une loi supprimant de fait l\u2019ind\u00e9pendance de deux organismes anticorruption en les pla\u00e7ant sous l\u2019autorit\u00e9 directe du procureur g\u00e9n\u00e9ral, lui-m\u00eame subordonn\u00e9 \u00e0 l\u2019ex\u00e9cutif ukrainien. Les partenaires de l\u2019Ukrai(&#8230;)<\/p>\n<p><a href=\"https:\/\/www.20minutes.fr\/monde\/ukraine\/4165493-20250727-guerre-ukraine-parade-navale-russe-annulee-renforcement-liens-entre-moscou-pyongyang?at_medium=RSS%20feed&amp;at_campaign=ynews&amp;utm_source=yahoo&amp;utm_medium=rss&amp;utm_campaign=news_feed&amp;utm_content=read_more_link\" rel=\"nofollow noopener\" target=\"_blank\" data-ylk=\"slk:Lire la suite sur 20minutes;elm:context_link;itc:0;sec:content-canvas\" class=\"link \">Lire la suite sur 20minutes<\/a><\/p>\n<p>\u00c0 lire aussi :<br \/><a href=\"https:\/\/www.20minutes.fr\/monde\/ukraine\/4165184-20250724-guerre-ukraine-nouvelles-attaques-ukraine-evacue-front?at_medium=RSS%20feed&amp;at_campaign=ynews&amp;utm_source=yahoo&amp;utm_medium=rss&amp;utm_campaign=news_feed&amp;utm_content=related_content_link\" rel=\"nofollow noopener\" target=\"_blank\" data-ylk=\"slk:Guerre en Ukraine : De nouvelles attaques en Ukraine, qui \u00e9vacue le front est;elm:context_link;itc:0;sec:content-canvas\" class=\"link \">Guerre en Ukraine : De nouvelles attaques en Ukraine, qui \u00e9vacue le front est<\/a><br \/><a href=\"https:\/\/www.20minutes.fr\/monde\/ukraine\/4165000-20250723-guerre-ukraine-negociations-directes-reprennent-russie?at_medium=RSS%20feed&amp;at_campaign=ynews&amp;utm_source=yahoo&amp;utm_medium=rss&amp;utm_campaign=news_feed&amp;utm_content=related_content_link\" rel=\"nofollow noopener\" target=\"_blank\" data-ylk=\"slk:Guerre en Ukraine : Les n\u00e9gociations directes reprennent avec la Russie;elm:context_link;itc:0;sec:content-canvas\" class=\"link \">Guerre en Ukraine : Les n\u00e9gociations directes reprennent avec la Russie<\/a><\/p>\n","protected":false},"excerpt":{"rendered":"R\u00e9cap&rsquo; &#8211; \u00ab 20 Minutes \u00bb fait le point pour vous tous les soirs sur le conflit. Ce&hellip;\n","protected":false},"author":2,"featured_media":153119,"comment_status":"","ping_status":"","sticky":false,"template":"","format":"standard","meta":{"footnotes":""},"categories":[1590],"tags":[642,11,1073,1777,674,2489,12064,38492,12,220,135],"class_list":{"0":"post-277921","1":"post","2":"type-post","3":"status-publish","4":"format-standard","5":"has-post-thumbnail","7":"category-ukraine","8":"tag-20-minutes","9":"tag-actualites","10":"tag-emmanuel-macron","11":"tag-eu","12":"tag-europe","13":"tag-la-russie","14":"tag-lutte-contre-la-corruption","15":"tag-marine-russe","16":"tag-news","17":"tag-ukraine","18":"tag-vladimir-poutine"},"share_on_mastodon":{"url":"https:\/\/pubeurope.com\/@fr\/114926612914949028","error":""},"_links":{"self":[{"href":"https:\/\/www.europesays.com\/fr\/wp-json\/wp\/v2\/posts\/277921","targetHints":{"allow":["GET"]}}],"collection":[{"href":"https:\/\/www.europesays.com\/fr\/wp-json\/wp\/v2\/posts"}],"about":[{"href":"https:\/\/www.europesays.com\/fr\/wp-json\/wp\/v2\/types\/post"}],"author":[{"embeddable":true,"href":"https:\/\/www.europesays.com\/fr\/wp-json\/wp\/v2\/users\/2"}],"replies":[{"embeddable":true,"href":"https:\/\/www.europesays.com\/fr\/wp-json\/wp\/v2\/comments?post=277921"}],"version-history":[{"count":0,"href":"https:\/\/www.europesays.com\/fr\/wp-json\/wp\/v2\/posts\/277921\/revisions"}],"wp:featuredmedia":[{"embeddable":true,"href":"https:\/\/www.europesays.com\/fr\/wp-json\/wp\/v2\/media\/153119"}],"wp:attachment":[{"href":"https:\/\/www.europesays.com\/fr\/wp-json\/wp\/v2\/media?parent=277921"}],"wp:term":[{"taxonomy":"category","embeddable":true,"href":"https:\/\/www.europesays.com\/fr\/wp-json\/wp\/v2\/categories?post=277921"},{"taxonomy":"post_tag","embeddable":true,"href":"https:\/\/www.europesays.com\/fr\/wp-json\/wp\/v2\/tags?post=277921"}],"curies":[{"name":"wp","href":"https:\/\/api.w.org\/{rel}","templated":true}]}}