{"id":277922,"date":"2025-07-27T18:28:10","date_gmt":"2025-07-27T18:28:10","guid":{"rendered":"https:\/\/www.europesays.com\/fr\/277922\/"},"modified":"2025-07-27T18:28:10","modified_gmt":"2025-07-27T18:28:10","slug":"droits-de-douane-les-etats-unis-et-lue-sont-parvenus-a-un-accord-commercial-les-exportations-europeennes-aux-usa-taxees-a-15","status":"publish","type":"post","link":"https:\/\/www.europesays.com\/fr\/277922\/","title":{"rendered":"Droits de douane\u00a0: les \u00c9tats-Unis et l\u2019UE sont parvenus \u00e0 un accord commercial, les exportations europ\u00e9ennes aux USA tax\u00e9es \u00e0 15\u00a0%"},"content":{"rendered":"<p>\n                                                                    Publi\u00e9 le 27\/07\/2025 \u00e0 20:11\n                                                                                                <\/p>\n<p>\n            Reuters\n    <\/p>\n<p class=\"article-full__chapo \">\n                                                                Donald Trump, qui mena\u00e7ait d\u2019appliquer des droits de douane de 30\u00a0% sur les produits europ\u00e9ens \u00e0 partir du 1er\u00a0ao\u00fbt, a pr\u00e9cis\u00e9 que l\u2019accord pr\u00e9voyait \u00e9galement 600\u00a0milliards de dollars d\u2019investissements de l\u2019UE aux \u00c9tats-Unis, ainsi que l\u2019achat par le bloc de 150\u00a0milliards de dollars d\u2019\u00e9nergie am\u00e9ricaine.\n                            <\/p>\n<p>Les \u00c9tats-Unis et l\u2019Union europ\u00e9enne (UE) ont conclu un accord commercial instaurant des droits de douane de 15\u00a0% sur les produits des 27 \u00c9tats membres du bloc, a annonc\u00e9 dimanche le pr\u00e9sident am\u00e9ricain Donald Trump \u00e0 l\u2019issue d\u2019un entretien avec la pr\u00e9sidente de la Commission europ\u00e9enne Ursula von der Leyen. Donald Trump, qui mena\u00e7ait d\u2019appliquer des droits de douane de 30\u00a0% sur les produits europ\u00e9ens \u00e0 partir du 1er\u00a0ao\u00fbt, a pr\u00e9cis\u00e9 que l\u2019accord pr\u00e9voyait \u00e9galement 600\u00a0milliards de dollars d\u2019investissements de l\u2019UE aux \u00c9tats-Unis, ainsi que l\u2019achat par le bloc de 150\u00a0milliards de dollars d\u2019\u00e9nergie am\u00e9ricaine.<\/p>\n<p>Plus d&rsquo;infos \u00e0 venir&#8230;<\/p>\n","protected":false},"excerpt":{"rendered":"Publi\u00e9 le 27\/07\/2025 \u00e0 20:11 Reuters Donald Trump, qui mena\u00e7ait d\u2019appliquer des droits de douane de 30\u00a0% sur&hellip;\n","protected":false},"author":2,"featured_media":277923,"comment_status":"","ping_status":"","sticky":false,"template":"","format":"standard","meta":{"footnotes":""},"categories":[1589],"tags":[11,73,1866,12,1864,1865,1863,308],"class_list":{"0":"post-277922","1":"post","2":"type-post","3":"status-publish","4":"format-standard","5":"has-post-thumbnail","7":"category-etats-unis","8":"tag-actualites","9":"tag-etats-unis","10":"tag-etats-unis-damerique","11":"tag-news","12":"tag-united-states","13":"tag-united-states-of-america","14":"tag-us","15":"tag-usa"},"share_on_mastodon":{"url":"https:\/\/pubeurope.com\/@fr\/114926616992282247","error":""},"_links":{"self":[{"href":"https:\/\/www.europesays.com\/fr\/wp-json\/wp\/v2\/posts\/277922","targetHints":{"allow":["GET"]}}],"collection":[{"href":"https:\/\/www.europesays.com\/fr\/wp-json\/wp\/v2\/posts"}],"about":[{"href":"https:\/\/www.europesays.com\/fr\/wp-json\/wp\/v2\/types\/post"}],"author":[{"embeddable":true,"href":"https:\/\/www.europesays.com\/fr\/wp-json\/wp\/v2\/users\/2"}],"replies":[{"embeddable":true,"href":"https:\/\/www.europesays.com\/fr\/wp-json\/wp\/v2\/comments?post=277922"}],"version-history":[{"count":0,"href":"https:\/\/www.europesays.com\/fr\/wp-json\/wp\/v2\/posts\/277922\/revisions"}],"wp:featuredmedia":[{"embeddable":true,"href":"https:\/\/www.europesays.com\/fr\/wp-json\/wp\/v2\/media\/277923"}],"wp:attachment":[{"href":"https:\/\/www.europesays.com\/fr\/wp-json\/wp\/v2\/media?parent=277922"}],"wp:term":[{"taxonomy":"category","embeddable":true,"href":"https:\/\/www.europesays.com\/fr\/wp-json\/wp\/v2\/categories?post=277922"},{"taxonomy":"post_tag","embeddable":true,"href":"https:\/\/www.europesays.com\/fr\/wp-json\/wp\/v2\/tags?post=277922"}],"curies":[{"name":"wp","href":"https:\/\/api.w.org\/{rel}","templated":true}]}}