{"id":277924,"date":"2025-07-27T18:29:13","date_gmt":"2025-07-27T18:29:13","guid":{"rendered":"https:\/\/www.europesays.com\/fr\/277924\/"},"modified":"2025-07-27T18:29:13","modified_gmt":"2025-07-27T18:29:13","slug":"ventes-au-detail-en-hausse-au-royaume-uni-a-cause-du-mois-de-juin-le-plus-chaud","status":"publish","type":"post","link":"https:\/\/www.europesays.com\/fr\/277924\/","title":{"rendered":"Ventes au d\u00e9tail en hausse au Royaume-Uni \u00e0 cause du mois de juin le plus chaud"},"content":{"rendered":"<p>                    <img decoding=\"async\" style=\"aspect-ratio:16\/9\" src=\"https:\/\/www.europesays.com\/fr\/wp-content\/uploads\/2025\/07\/pexels-n5dave-30486720-1.jpg\" width=\"100%\" loading=\"eager\"\/><\/p>\n<p>                            <a href=\"https:\/\/fr.businessam.be\/author\/redactie\/\" class=\"author-thumbnail\" style=\"border: 2px inset #00000099;\" rel=\"nofollow noopener\" target=\"_blank\"><img loading=\"lazy\" decoding=\"async\" src=\"https:\/\/www.europesays.com\/fr\/wp-content\/uploads\/2025\/07\/1753640953_844_cropped-favicon-192x192.png\" width=\"80\" height=\"80\" alt=\"Business AM\"\/><\/a>\ue05bpar <a href=\"https:\/\/fr.businessam.be\/author\/redactie\/\" rel=\"nofollow noopener\" target=\"_blank\">Business AM<\/a><br \/>\ue010publi\u00e9 le dimanche 27 juillet 2025 \u00e0 20:18 \u2022 <br \/>\ue00c3 min de lecture<\/p>\n<p>Principaux renseignements<\/p>\n<ul class=\"wp-block-list\">\n<li><strong>Les ventes au d\u00e9tail au Royaume-Uni ont rebondi de 0,9 pour cent en juin, stimul\u00e9es par le temps chaud et les activit\u00e9s promotionnelles.<\/strong><\/li>\n<li><strong>Les ventes d\u2019aliments et de boissons ont augment\u00e9 car les consommateurs ont profit\u00e9 du soleil, tandis que les volumes de carburant automobile ont \u00e9galement augment\u00e9 de mani\u00e8re significative.<\/strong><\/li>\n<li><strong>Les d\u00e9taillants en ligne ont enregistr\u00e9 une hausse de 1,7 pour cent du volume des ventes, contribuant ainsi \u00e0 la performance positive globale du secteur de la vente au d\u00e9tail.<\/strong><\/li>\n<\/ul>\n<p>Les ventes au d\u00e9tail au Royaume-Uni <a href=\"https:\/\/fr.businessam.be\/les-ventes-au-detail-au-royaume-uni-ont-diminue-de-5-pour-cent-en-mai\/\" rel=\"nofollow noopener\" target=\"_blank\">ont connu une reprise en juin<\/a>, gr\u00e2ce au mois de juin le plus chaud jamais enregistr\u00e9. <a href=\"https:\/\/www.ons.gov.uk\/businessindustryandtrade\/retailindustry\/bulletins\/retailsales\/june2025\" rel=\"nofollow noopener\" target=\"_blank\">Selon les donn\u00e9es publi\u00e9es par l\u2019Office des statistiques nationales (ONS)<\/a>, le volume global des ventes au d\u00e9tail a augment\u00e9 de 0,9 pour cent apr\u00e8s une baisse de 2,8 pour cent en mai. Ce rebond a \u00e9t\u00e9 largement attribu\u00e9 au fait que les consommateurs sont retourn\u00e9s dans les magasins physiques et ont profit\u00e9 de conditions m\u00e9t\u00e9orologiques favorables.<\/p>\n<p>Impact de la m\u00e9t\u00e9o<\/p>\n<p>Les temp\u00e9ratures agr\u00e9ables ont eu un impact positif notable sur les ventes de produits alimentaires et de boissons, qui ont enregistr\u00e9 une hausse de 0,7 pour cent apr\u00e8s une baisse significative de 5,4 pour cent en mai. Les supermarch\u00e9s ont enregistr\u00e9 de fortes ventes, en particulier de boissons, stimul\u00e9es par la vague de chaleur. Les volumes de carburant automobile ont \u00e9galement augment\u00e9 de 2,8 pour cent, marquant la plus forte hausse mensuelle depuis mai 2024.<\/p>\n<p>Les grands magasins et les magasins de v\u00eatements ont \u00e9galement pu compter sur une croissance gr\u00e2ce aux temp\u00e9ratures cl\u00e9mentes. Le chiffre d\u2019affaires des magasins non alimentaires a augment\u00e9 modestement de 0,2 pour cent. Les ventes d\u2019articles m\u00e9nagers ont quant \u00e0 elles diminu\u00e9.<\/p>\n<p>Optimisme prudent<\/p>\n<p>Malgr\u00e9 les chiffres encourageants enregistr\u00e9s en juin, certains experts ont mis en garde contre une interpr\u00e9tation trop optimiste de cette hausse des ventes, la qualifiant de ph\u00e9nom\u00e8ne temporaire. Selon eux, les d\u00e9penses hors commerce de d\u00e9tail resteront probablement irr\u00e9guli\u00e8res tant qu\u2019il n\u2019y aura pas d\u2019am\u00e9lioration substantielle des revenus et du climat \u00e9conomique g\u00e9n\u00e9ral.<\/p>\n<p>Les inqui\u00e9tudes concernant l\u2019impact de l\u2019inflation sur les budgets des m\u00e9nages et les d\u00e9penses discr\u00e9tionnaires persistent, soulignant la n\u00e9cessit\u00e9 d\u2019un optimisme prudent dans le secteur du commerce de d\u00e9tail. (jv)<\/p>\n","protected":false},"excerpt":{"rendered":"\ue05bpar Business AM\ue010publi\u00e9 le dimanche 27 juillet 2025 \u00e0 20:18 \u2022 \ue00c3 min de lecture Principaux renseignements Les&hellip;\n","protected":false},"author":2,"featured_media":277925,"comment_status":"","ping_status":"","sticky":false,"template":"","format":"standard","meta":{"footnotes":""},"categories":[1588],"tags":[11,13208,41733,2883,1777,674,12,473,1853,1851,1850,1852,41734],"class_list":{"0":"post-277924","1":"post","2":"type-post","3":"status-publish","4":"format-standard","5":"has-post-thumbnail","7":"category-royaume-uni","8":"tag-actualites","9":"tag-chaleur","10":"tag-economie-britannique","11":"tag-ete","12":"tag-eu","13":"tag-europe","14":"tag-news","15":"tag-royaume-uni","16":"tag-royaume-uni-de-grande-bretagne-et-dirlande-du-nord","17":"tag-uk","18":"tag-united-kingdom","19":"tag-united-kingdom-of-great-britain-and-northern-ireland","20":"tag-ventes-au-detail"},"share_on_mastodon":{"url":"https:\/\/pubeurope.com\/@fr\/114926620851084281","error":""},"_links":{"self":[{"href":"https:\/\/www.europesays.com\/fr\/wp-json\/wp\/v2\/posts\/277924","targetHints":{"allow":["GET"]}}],"collection":[{"href":"https:\/\/www.europesays.com\/fr\/wp-json\/wp\/v2\/posts"}],"about":[{"href":"https:\/\/www.europesays.com\/fr\/wp-json\/wp\/v2\/types\/post"}],"author":[{"embeddable":true,"href":"https:\/\/www.europesays.com\/fr\/wp-json\/wp\/v2\/users\/2"}],"replies":[{"embeddable":true,"href":"https:\/\/www.europesays.com\/fr\/wp-json\/wp\/v2\/comments?post=277924"}],"version-history":[{"count":0,"href":"https:\/\/www.europesays.com\/fr\/wp-json\/wp\/v2\/posts\/277924\/revisions"}],"wp:featuredmedia":[{"embeddable":true,"href":"https:\/\/www.europesays.com\/fr\/wp-json\/wp\/v2\/media\/277925"}],"wp:attachment":[{"href":"https:\/\/www.europesays.com\/fr\/wp-json\/wp\/v2\/media?parent=277924"}],"wp:term":[{"taxonomy":"category","embeddable":true,"href":"https:\/\/www.europesays.com\/fr\/wp-json\/wp\/v2\/categories?post=277924"},{"taxonomy":"post_tag","embeddable":true,"href":"https:\/\/www.europesays.com\/fr\/wp-json\/wp\/v2\/tags?post=277924"}],"curies":[{"name":"wp","href":"https:\/\/api.w.org\/{rel}","templated":true}]}}