{"id":277928,"date":"2025-07-27T18:31:13","date_gmt":"2025-07-27T18:31:13","guid":{"rendered":"https:\/\/www.europesays.com\/fr\/277928\/"},"modified":"2025-07-27T18:31:13","modified_gmt":"2025-07-27T18:31:13","slug":"vtt-cyclisme-championnats-deurope-tom-pidcock-champion-deurope-de-vtt-pour-la-seconde-fois","status":"publish","type":"post","link":"https:\/\/www.europesays.com\/fr\/277928\/","title":{"rendered":"Vtt. Cyclisme. Championnats d&rsquo;Europe &#8211; Tom Pidcock champion d&rsquo;Europe de VTT pour la seconde fois"},"content":{"rendered":"<p>Si vous ne voyez pas <strong><a href=\"https:\/\/www.cyclismactu.net\/..\/news-vtt-coupe-du-monde-vtt-tom-pidcock-s-impose-chez-lui-en-andorre-luca-martin-2e-88928.html\" target=\"_blank\" rel=\"noopener\">Tom Pidcock<\/a> <\/strong>sur les routes, cela ne veut pas dire qu&rsquo;il est en vacances ! Le Britannique n&rsquo;a pas couru depuis plus d&rsquo;un mois mais est toujours pr\u00e9sent sur son v\u00e9lo puisqu&rsquo;il a particip\u00e9 aux championnats d&rsquo;Europe de VTT ce week-end, au Portugal. Et sur le format olympique, le champion du monde 2023 n&rsquo;a laiss\u00e9 aucune chance \u00e0 ses adversaires en s&rsquo;imposant avec pr\u00e8s de 40&Prime; d&rsquo;avance sur son compatriote, <strong>Charlie Aldridge<\/strong> et 1&rsquo;15 sur le Danois <strong>Simon Andreassen<\/strong>. Le double champion olympique remporte donc son second titre europ\u00e9en, apr\u00e8s sa victoire en 2022.<\/p>\n<p>Vid\u00e9o &#8211; Tom Pidcock n&rsquo;a pas connu la m\u00eame r\u00e9ussite sur le Giro Lire la suite de l&rsquo;article&#13;<\/p>\n<p>\u00a0<\/p>\n<p>&#13;<br \/>\nLes Fran\u00e7ais n&rsquo;ont pas pes\u00e9&#13;<\/p>\n<p>Tr\u00e8s en forme depuis le d\u00e9but de saison, <strong>Luca Martin <\/strong>composait certainement notre meilleure chance tricolore, apr\u00e8s que\u00a0<strong>Victor Koretzky, Mathis Azzaro, <\/strong>ou encore<strong> Joshua Dubau <\/strong>n&rsquo;aient pas fait le voyage au Portugal pour s&rsquo;octroyer une p\u00e9riode de repos bienvenue. Cependant, vainqueur il y a quelques semaines en Andorre, <strong>Luca Martin <\/strong>n&rsquo;a finalement pas pris le d\u00e9part. Il ne restait donc que <strong>Jordan Sarrou <\/strong>pour repr\u00e9senter les tricolores, mais l&rsquo;ancien champion du monde a d\u00fb se contenter de la 21e place, \u00e0 1&rsquo;25 de <strong>Tom Pidcock<\/strong>.<\/p>\n","protected":false},"excerpt":{"rendered":"Si vous ne voyez pas Tom Pidcock sur les routes, cela ne veut pas dire qu&rsquo;il est en&hellip;\n","protected":false},"author":2,"featured_media":277929,"comment_status":"","ping_status":"","sticky":false,"template":"","format":"standard","meta":{"footnotes":""},"categories":[1586],"tags":[11,34841,207,1777,674,1011,27,12,25,208,8012],"class_list":{"0":"post-277928","1":"post","2":"type-post","3":"status-publish","4":"format-standard","5":"has-post-thumbnail","7":"category-europe","8":"tag-actualites","9":"tag-championnats-d","10":"tag-cyclisme","11":"tag-eu","12":"tag-europe","13":"tag-fr","14":"tag-france","15":"tag-news","16":"tag-republique-francaise","17":"tag-velo","18":"tag-vtt"},"share_on_mastodon":{"url":"https:\/\/pubeurope.com\/@fr\/114926628641736415","error":""},"_links":{"self":[{"href":"https:\/\/www.europesays.com\/fr\/wp-json\/wp\/v2\/posts\/277928","targetHints":{"allow":["GET"]}}],"collection":[{"href":"https:\/\/www.europesays.com\/fr\/wp-json\/wp\/v2\/posts"}],"about":[{"href":"https:\/\/www.europesays.com\/fr\/wp-json\/wp\/v2\/types\/post"}],"author":[{"embeddable":true,"href":"https:\/\/www.europesays.com\/fr\/wp-json\/wp\/v2\/users\/2"}],"replies":[{"embeddable":true,"href":"https:\/\/www.europesays.com\/fr\/wp-json\/wp\/v2\/comments?post=277928"}],"version-history":[{"count":0,"href":"https:\/\/www.europesays.com\/fr\/wp-json\/wp\/v2\/posts\/277928\/revisions"}],"wp:featuredmedia":[{"embeddable":true,"href":"https:\/\/www.europesays.com\/fr\/wp-json\/wp\/v2\/media\/277929"}],"wp:attachment":[{"href":"https:\/\/www.europesays.com\/fr\/wp-json\/wp\/v2\/media?parent=277928"}],"wp:term":[{"taxonomy":"category","embeddable":true,"href":"https:\/\/www.europesays.com\/fr\/wp-json\/wp\/v2\/categories?post=277928"},{"taxonomy":"post_tag","embeddable":true,"href":"https:\/\/www.europesays.com\/fr\/wp-json\/wp\/v2\/tags?post=277928"}],"curies":[{"name":"wp","href":"https:\/\/api.w.org\/{rel}","templated":true}]}}