{"id":277930,"date":"2025-07-27T18:32:10","date_gmt":"2025-07-27T18:32:10","guid":{"rendered":"https:\/\/www.europesays.com\/fr\/277930\/"},"modified":"2025-07-27T18:32:10","modified_gmt":"2025-07-27T18:32:10","slug":"donald-trump-annonce-un-accord-avec-lue-sur-des-droits-de-douane-a-15","status":"publish","type":"post","link":"https:\/\/www.europesays.com\/fr\/277930\/","title":{"rendered":"Donald Trump annonce un accord avec l&rsquo;UE sur des droits de douane \u00e0 15%"},"content":{"rendered":"<ul class=\"jsx-862013697 ArticleChapo__List\">\n<li class=\"jsx-862013697 ArticleChapo__List_Item flex\">Donald Trump a rencontr\u00e9 la pr\u00e9sidente de la Commission europ\u00e9enne, Ursula von der Leyen, ce dimanche \u00e0 Turnburry.<\/li>\n<li class=\"jsx-862013697 ArticleChapo__List_Item flex\">\u00c0 l&rsquo;issue de leur \u00e9change, le pr\u00e9sident am\u00e9ricain a annonc\u00e9 que des droits de douane \u00e0 15% s&rsquo;appliqueraient sur les produits europ\u00e9ens.<\/li>\n<li class=\"jsx-862013697 ArticleChapo__List_Item flex\">Il a par ailleurs assur\u00e9 que l&rsquo;Union europ\u00e9enne s&rsquo;\u00e9tait engag\u00e9e \u00e0 r\u00e9aliser des achats d&rsquo;\u00e9nergie et des investissements suppl\u00e9mentaires aux \u00c9tats-Unis.<\/li>\n<\/ul>\n<p data-module=\"article-paragraph\" class=\"jsx-3046738180 Paragraph Paragraph__End\">Les \u00c9tats-Unis et l&rsquo;Union europ\u00e9enne ont trouv\u00e9 un accord commercial, pr\u00e9voyant des droits de douane de 15% sur les exportations europ\u00e9ennes, selon les d\u00e9clarations du pr\u00e9sident Donald Trump. Une annonce faite \u00e0 l&rsquo;issue d&rsquo;un <a href=\"https:\/\/www.tf1info.fr\/international\/droits-de-douane-rencontre-de-la-derniere-chance-entre-donald-trump-et-ursula-von-der-leyen-en-ecosse-2385353.html\" target=\"_blank\" rel=\"noopener\">entretien d&rsquo;une heure avec la pr\u00e9sidente de la Commission europ\u00e9enne Ursula von der Leyen<\/a>, ce dimanche 27 juillet \u00e0 Turnberry (Ecosse).\u00a0<\/p>\n<p data-module=\"article-paragraph\" class=\"jsx-3046738180 Paragraph Paragraph__End\">Le chef d&rsquo;\u00c9tat am\u00e9ricain a ajout\u00e9 que l&rsquo;UE s&rsquo;\u00e9tait engag\u00e9e \u00e0 750 milliards de dollars d&rsquo;achats d&rsquo;\u00e9nergie et \u00e0 600 milliards d&rsquo;investissements suppl\u00e9mentaires aux \u00c9tats-Unis.<\/p>\n<p data-module=\"article-paragraph\" class=\"jsx-3046738180 Paragraph Paragraph__End\">De son c\u00f4t\u00e9, Ursula von der Leyen s&rsquo;est r\u00e9jouie d&rsquo;un \u00ab\u00a0bon accord qui apportera de la stabilit\u00e9 et de la pr\u00e9visibilit\u00e9\u00a0\u00bb de part et d&rsquo;autre de l&rsquo;Atlantique.<\/p>\n<p>IM avec AFP<\/p>\n","protected":false},"excerpt":{"rendered":"Donald Trump a rencontr\u00e9 la pr\u00e9sidente de la Commission europ\u00e9enne, Ursula von der Leyen, ce dimanche \u00e0 Turnburry.&hellip;\n","protected":false},"author":2,"featured_media":277931,"comment_status":"","ping_status":"","sticky":false,"template":"","format":"standard","meta":{"footnotes":""},"categories":[1586],"tags":[1111,11,1921,75,73,1777,674,1779,1011,27,1922,3078,12,25,1778,364,2544,133,1920],"class_list":{"0":"post-277930","1":"post","2":"type-post","3":"status-publish","4":"format-standard","5":"has-post-thumbnail","7":"category-europe","8":"tag-actu","9":"tag-actualites","10":"tag-article-video","11":"tag-donald-trump","12":"tag-etats-unis","13":"tag-eu","14":"tag-europe","15":"tag-european-union","16":"tag-fr","17":"tag-france","18":"tag-info","19":"tag-la-guerre-commerciale-de-donald-trump-contre-le-reste-du-monde","20":"tag-news","21":"tag-republique-francaise","22":"tag-ue","23":"tag-union-europeenne","24":"tag-ursula-von-der-leyen","25":"tag-video","26":"tag-video-international"},"share_on_mastodon":{"url":"https:\/\/pubeurope.com\/@fr\/114926632768293192","error":""},"_links":{"self":[{"href":"https:\/\/www.europesays.com\/fr\/wp-json\/wp\/v2\/posts\/277930","targetHints":{"allow":["GET"]}}],"collection":[{"href":"https:\/\/www.europesays.com\/fr\/wp-json\/wp\/v2\/posts"}],"about":[{"href":"https:\/\/www.europesays.com\/fr\/wp-json\/wp\/v2\/types\/post"}],"author":[{"embeddable":true,"href":"https:\/\/www.europesays.com\/fr\/wp-json\/wp\/v2\/users\/2"}],"replies":[{"embeddable":true,"href":"https:\/\/www.europesays.com\/fr\/wp-json\/wp\/v2\/comments?post=277930"}],"version-history":[{"count":0,"href":"https:\/\/www.europesays.com\/fr\/wp-json\/wp\/v2\/posts\/277930\/revisions"}],"wp:featuredmedia":[{"embeddable":true,"href":"https:\/\/www.europesays.com\/fr\/wp-json\/wp\/v2\/media\/277931"}],"wp:attachment":[{"href":"https:\/\/www.europesays.com\/fr\/wp-json\/wp\/v2\/media?parent=277930"}],"wp:term":[{"taxonomy":"category","embeddable":true,"href":"https:\/\/www.europesays.com\/fr\/wp-json\/wp\/v2\/categories?post=277930"},{"taxonomy":"post_tag","embeddable":true,"href":"https:\/\/www.europesays.com\/fr\/wp-json\/wp\/v2\/tags?post=277930"}],"curies":[{"name":"wp","href":"https:\/\/api.w.org\/{rel}","templated":true}]}}