{"id":277945,"date":"2025-07-27T18:42:10","date_gmt":"2025-07-27T18:42:10","guid":{"rendered":"https:\/\/www.europesays.com\/fr\/277945\/"},"modified":"2025-07-27T18:42:10","modified_gmt":"2025-07-27T18:42:10","slug":"trente-tours-a-defendre-pierre-gasly-recompense-et-satisfait-de-sa-10e-place-au-grand-prix-de-belgique-lequipe","status":"publish","type":"post","link":"https:\/\/www.europesays.com\/fr\/277945\/","title":{"rendered":"\u00ab Trente tours \u00e0 d\u00e9fendre \u00bb : Pierre Gasly r\u00e9compens\u00e9 et satisfait de sa 10e place au Grand Prix de Belgique &#8211; L&#039;\u00c9quipe"},"content":{"rendered":"<ol>\n<li><a href=\"https:\/\/news.google.com\/rss\/articles\/CBMi6wFBVV95cUxNWnU5ZG9Hek9vMjVDdG13OGtVWnJSdjBsM1pNYUFFSnFxVGdNU3RwQ2RGQzNuQ3RnNkp4bFlKTkFHMFM1Y0JuZWpsWFJIMlhFWnd5S2xWWDFPYkxReGVldmp5ZWdQLWttUEs5YU5nVWRobl9TQlBDOXRCcU5LVXlDNEZWbVRuTXJKeGctRGpYdk9WOHE4a01YbWZGejUxN3BIZVZ0eWVzYjlqOUVOVXp1eWlHcEZCc1FuTDB3Q1JBVGJqenlVTE1jelFZM3RQa19HM2NyR3ktelpndmpZTGwwa3d1YXZscU9WMTNr?oc=5\" target=\"_blank\" rel=\"nofollow noopener\">\u00ab Trente tours \u00e0 d\u00e9fendre \u00bb : Pierre Gasly r\u00e9compens\u00e9 et satisfait de sa 10e place au Grand Prix de Belgique<\/a>&nbsp;&nbsp;L&rsquo;\u00c9quipe<\/li>\n<li><a href=\"https:\/\/news.google.com\/rss\/articles\/CBMivwFBVV95cUxQaU9pNkQ5NExyMU1KZ1RleU5Zb000YzJkdVRBUVA5SGNwOEtRNVhURlVLZGluQ1VZQ0hGcWl5YlFtcldMSy04WHFfR2cwR1NLV0tXRUJoZVh5X2Q2NzNtLWd6eFlNMGw5OEREYnlUalJLVEIzMXduM3g3M21MOWMxTm5wYmtpSFlEY1Q3VFF1bldKYmZZX01sNURLNENvblhTZXlrSXdIR2pTQU84QzFMMDFLZE5OS1BiWFFINDlBNA?oc=5\" target=\"_blank\" rel=\"nofollow noopener\">F1 Coup de poker avant le d\u00e9part du sprint, un tricolore retir\u00e9 de la grille !<\/a>&nbsp;&nbsp;Le Mag Sport Auto<\/li>\n<li><a href=\"https:\/\/news.google.com\/rss\/articles\/CBMiswFBVV95cUxON2c2Si1ETm5IOWVGeGlVd1JVZ3htV1dRdGFEWndVNmx2R2dFMzJIM01fRGZjT0luRk5MNXd2bjZ4dW1qdzlkc0ZFQmFfRFNTSWZ4Q293aHVuYmFRTThpaHIzd18zekprWHhhcUtjWlJyVUNIeS1SWkNFT0lRamlXSW1ialc2Mk1HZENfZEdHbDlzNEMwUnYxX1hmVmVLQloyeVYyejM0YVVQTlRSQVQ4NDh4cw?oc=5\" target=\"_blank\" rel=\"nofollow noopener\">Un samedi compliqu\u00e9 pour Alpine \u00e0 Spa-Francorchamps<\/a>&nbsp;&nbsp;Confidential-Renault<\/li>\n<li><a href=\"https:\/\/news.google.com\/rss\/articles\/CBMihAFBVV95cUxPY3AxZGFEV0ZXY0IxYzQxZVA2b2FBWWlHR2IxSS1ubVI1U0hSVTkwMFprU3dxUWs0NDRMc2tyeWNqY0hoY2NVQjNoZDlXODVuWW1iUng4RDh2UHpqQTRCTU81cHdHNGh5OEZUbGhjWHVFVldJcjdDMkJCbDZUQU53TWNrOVo?oc=5\" target=\"_blank\" rel=\"nofollow noopener\">Pierre Gasly, 13e des qualifications \u00e0 Spa : \u00ab Je me sens \u00e0 l\u2019aise sous la pluie \u00bb<\/a>&nbsp;&nbsp;AutoHebdo<\/li>\n<li><a href=\"https:\/\/news.google.com\/rss\/articles\/CBMif0FVX3lxTFBUSjk5MlZiMVRqZjU0QlVwYWVnZUUwR0dmbmlUTl9xZFlNcnVXWVFVNmh3TUdGTzZrcnh4NTZveVNlVzM3REhRS2dUMXRjSWN3Vk9pQ3A2ODVvbU04endFRFRmaVBhX0hiQkRIU1NNM0lheEVaNnJlaG9pQ29NR0E?oc=5\" target=\"_blank\" rel=\"nofollow noopener\">Pierre Gasly, la catastrophe<\/a>&nbsp;&nbsp;Sports.fr<\/li>\n<\/ol>\n","protected":false},"excerpt":{"rendered":"\u00ab Trente tours \u00e0 d\u00e9fendre \u00bb : Pierre Gasly r\u00e9compens\u00e9 et satisfait de sa 10e place au Grand&hellip;\n","protected":false},"author":2,"featured_media":277946,"comment_status":"","ping_status":"","sticky":false,"template":"","format":"standard","meta":{"footnotes":""},"categories":[1412],"tags":[1451,1452,1453,1454,1455,1011,27,60],"class_list":{"0":"post-277945","1":"post","2":"type-post","3":"status-publish","4":"format-standard","5":"has-post-thumbnail","7":"category-f1","8":"tag-f1","9":"tag-formula-1","10":"tag-formula1","11":"tag-formule-1","12":"tag-formule1","13":"tag-fr","14":"tag-france","15":"tag-sports"},"share_on_mastodon":{"url":"https:\/\/pubeurope.com\/@fr\/114926671920319377","error":""},"_links":{"self":[{"href":"https:\/\/www.europesays.com\/fr\/wp-json\/wp\/v2\/posts\/277945","targetHints":{"allow":["GET"]}}],"collection":[{"href":"https:\/\/www.europesays.com\/fr\/wp-json\/wp\/v2\/posts"}],"about":[{"href":"https:\/\/www.europesays.com\/fr\/wp-json\/wp\/v2\/types\/post"}],"author":[{"embeddable":true,"href":"https:\/\/www.europesays.com\/fr\/wp-json\/wp\/v2\/users\/2"}],"replies":[{"embeddable":true,"href":"https:\/\/www.europesays.com\/fr\/wp-json\/wp\/v2\/comments?post=277945"}],"version-history":[{"count":0,"href":"https:\/\/www.europesays.com\/fr\/wp-json\/wp\/v2\/posts\/277945\/revisions"}],"wp:featuredmedia":[{"embeddable":true,"href":"https:\/\/www.europesays.com\/fr\/wp-json\/wp\/v2\/media\/277946"}],"wp:attachment":[{"href":"https:\/\/www.europesays.com\/fr\/wp-json\/wp\/v2\/media?parent=277945"}],"wp:term":[{"taxonomy":"category","embeddable":true,"href":"https:\/\/www.europesays.com\/fr\/wp-json\/wp\/v2\/categories?post=277945"},{"taxonomy":"post_tag","embeddable":true,"href":"https:\/\/www.europesays.com\/fr\/wp-json\/wp\/v2\/tags?post=277945"}],"curies":[{"name":"wp","href":"https:\/\/api.w.org\/{rel}","templated":true}]}}