{"id":277951,"date":"2025-07-27T18:45:13","date_gmt":"2025-07-27T18:45:13","guid":{"rendered":"https:\/\/www.europesays.com\/fr\/277951\/"},"modified":"2025-07-27T18:45:13","modified_gmt":"2025-07-27T18:45:13","slug":"le-prince-emmanuel-de-belgique-devoile-sa-double-identite-de-dj","status":"publish","type":"post","link":"https:\/\/www.europesays.com\/fr\/277951\/","title":{"rendered":"le prince Emmanuel de Belgique d\u00e9voile sa double identit\u00e9 de DJ"},"content":{"rendered":"<p>                                        <img decoding=\"async\" src=\"https:\/\/www.europesays.com\/fr\/wp-content\/uploads\/2025\/07\/3011cd9655f385164b27dfaa2bf8ed6be53721edfb6c557a7a47a429859a0b35.jpg\" alt=\"Elisabeth de Belgique m\u00e9connaissable en camouflage militaire, s\u2019entra\u00eene \u00e0 son futur r\u00f4le de cheffe des arm\u00e9es\" class=\"a11y-hidden\"\/><\/p>\n<p>Le troisi\u00e8me enfant du roi Philippe et de la reine Mathilde de Belgique se lance dans la musique. Le jeune prince officie en tant que DJ sous le nom Vyntrix.<\/p>\n<p class=\"fig-paragraph\">Prince de Belgique\u00a0? Futur footballeur\u00a0? DJ reconnu\u00a0?\u00a0<a href=\"http:\/\/madame.lefigaro.fr\/celebrites\/actu-people\/meche-blonde-et-costume-cravate-le-prince-emmanuel-de-belgique-fete-ses-18-ans-20231005\" data-fig-type=\"Article\" data-gtm-custom-categorie=\"navigation\" data-gtm-custom-action=\"crossclick\" data-gtm-custom-label=\"Contextuel\" data-gtm-event=\"customEventSPE\" data-fig-domain=\"MADAME\" target=\"_blank\" rel=\"noopener\">Le prince Emmanuel de Belgique<\/a>\u00a0ajoute de plus en plus de cordes \u00e0 son arc. Alors que le troisi\u00e8me fils du roi Philippe et de la reine Mathilde de Belgique suit une formation de footballeur professionnel en Espagne, il commence \u00e0 d\u00e9velopper une nouvelle passion. En juin dernier, le m\u00e9dia flamand\u00a0<a href=\"https:\/\/www.hln.be\/royalty\/verrassing-van-formaat-prins-emmanuel-is-dj-vyntrix-en-zijn-nieuwste-single-verwijst-duidelijk-naar-zijn-afkomst~af8c7d10\/?referrer=https%3A%2F%2Fwww.parismatch.com%2F\" target=\"_blank\" rel=\"sponsored noopener\" data-gtm-custom-categorie=\"navigation\" data-gtm-custom-action=\"crossclick\" data-gtm-custom-label=\"Contextuel\" data-gtm-event=\"customEventSPE\">Het Laatste Nieuws<\/a> \u00a0r\u00e9v\u00e9lait l\u2019identit\u00e9 de la personne qui se cachait derri\u00e8re le nom Vyntrix, un jeune DJ.<\/p>\n<p class=\"fig-paragraph\">Et l\u2019information a de nouveau \u00e9t\u00e9 confirm\u00e9e r\u00e9cemment, puisqu\u2019il s\u2019agit bel et bien du prince Emmanuel de Belgique. En effet, le fr\u00e8re du prince Gabriel et des princesses \u00c9lisabeth (23 ans) et \u00c9l\u00e9onore de Belgique (17 ans) a partag\u00e9 une photo de lui et de son ami, le musicien fran\u00e7ais Louis Elz\u00e9ar de Monspey, avec qui il forme le duo Vyntrix,\u00a0<a href=\"https:\/\/www.instagram.com\/p\/DMfIMZNNlgM\/?utm_source=ig_web_copy_link&amp;igsh=MzRlODBiNWFlZA==\" target=\"_blank\" rel=\"sponsored noopener\" data-gtm-custom-categorie=\"navigation\" data-gtm-custom-action=\"crossclick\" data-gtm-custom-label=\"Contextuel\" data-gtm-event=\"customEventSPE\">sur le compte Instagram de leur projet musical<\/a>. Si jusqu\u2019\u00e0 maintenant le jeune homme de 19 ans se cachait le visage avec un masque de ski et une \u00e9charpe pour tenter de passer incognito, ce n\u2019est d\u00e9sormais plus le cas, et le clich\u00e9 de cet accoutrement a \u00e9t\u00e9 supprim\u00e9 depuis.<\/p>\n<p class=\"fig-body-link&#10;    \">\n            \u00c0 lire aussi<br \/>\n        <a class=\"fig-body-link__link\" href=\"http:\/\/madame.lefigaro.fr\/celebrites\/actu-people\/il-est-traumatise-la-princesse-delphine-de-belgique-vole-au-secours-du-prince-harry-20250719\" data-fig-type=\"Article\" data-gtm-custom-categorie=\"navigation\" data-gtm-custom-action=\"crossclick\" data-gtm-custom-label=\"Contextuel\" data-gtm-event=\"customEventSPE\" data-fig-domain=\"MADAME\" target=\"_blank\" rel=\"noopener\">\u00abIl est traumatis\u00e9\u00bb\u00a0: la princesse Delphine de Belgique vole au secours du prince Harry<\/a>\n<\/p>\n<p>                                    <a class=\"fig-a11y-skip a11y-hidden\" href=\"#fig-a11y-skip-main-inarticle\"><br \/>\n        Passer la publicit\u00e9<br \/>\n    <\/a><\/p>\n<p>Des morceaux d\u00e9j\u00e0 c\u00e9l\u00e8bres<\/p>\n<p class=\"fig-paragraph\">Depuis le 15 juin dernier, les artistes ont d\u00e9voil\u00e9 plusieurs morceaux intitul\u00e9s Rio, Palace, Free ou encore Tempo, qui sont d\u00e9j\u00e0 devenus c\u00e9l\u00e8bres en Belgique. Autre indice qui confirme son identit\u00e9, le 21 juillet dernier,\u00a0<a href=\"http:\/\/madame.lefigaro.fr\/celebrites\/actu-people\/la-famille-royale-de-belgique-au-grand-complet-pour-celebrer-la-fete-nationale-20250722\" data-fig-type=\"Article\" data-gtm-custom-categorie=\"navigation\" data-gtm-custom-action=\"crossclick\" data-gtm-custom-label=\"Contextuel\" data-gtm-event=\"customEventSPE\" data-fig-domain=\"MADAME\" target=\"_blank\" rel=\"noopener\">lors de la f\u00eate nationale<\/a>, alors que la radio Nostalgie Belgique diffusait la Playlist du Roi, l\u2019un des morceaux du prince Emmanuel a \u00e9t\u00e9 entendu. Dans une vid\u00e9o partag\u00e9e par\u00a0<a href=\"https:\/\/www.instagram.com\/reel\/DMYR4YItBsB\/?utm_source=ig_web_copy_link\" target=\"_blank\" rel=\"sponsored noopener\" data-gtm-custom-categorie=\"navigation\" data-gtm-custom-action=\"crossclick\" data-gtm-custom-label=\"Contextuel\" data-gtm-event=\"customEventSPE\">le m\u00e9dia sur Instagram<\/a>, le jeune homme de 19 ans se trouve aux c\u00f4t\u00e9s de son fr\u00e8re, le prince Gabriel (21 ans), qui lui fait signe d\u2019\u00e9couter la musique, reconnaissant ainsi l\u2019\u0153uvre de son cadet.<\/p>\n<p class=\"fig-paragraph\">\u00abQuand le Prince Gabriel reconna\u00eet le titre de son fr\u00e8re diffus\u00e9 en direct sur Nostalgie, pendant la Playlist du Roi. Le Prince Emmanuel a r\u00e9cemment sorti \u201cPalace\u201d sous le nom de DJ Vyntrix\u00bb, a \u00e9crit Nostalgie en l\u00e9gende des images des deux fr\u00e8res. Si Emmanuel de Belgique n\u2019est encore jamais mont\u00e9 sur sc\u00e8ne, ces premiers pas en musique pourraient bien \u00eatre le d\u00e9but d\u2019une grande carri\u00e8re.<\/p>\n<p>                                        <script async src=\"\/\/www.instagram.com\/embed.js\"><\/script><\/p>\n","protected":false},"excerpt":{"rendered":"Le troisi\u00e8me enfant du roi Philippe et de la reine Mathilde de Belgique se lance dans la musique.&hellip;\n","protected":false},"author":2,"featured_media":277952,"comment_status":"","ping_status":"","sticky":false,"template":"","format":"standard","meta":{"footnotes":""},"categories":[1359],"tags":[970,828,58,59,1011,27,973,971],"class_list":{"0":"post-277951","1":"post","2":"type-post","3":"status-publish","4":"format-standard","5":"has-post-thumbnail","7":"category-people","8":"tag-aristo-co","9":"tag-belgique","10":"tag-divertissement","11":"tag-entertainment","12":"tag-fr","13":"tag-france","14":"tag-people","15":"tag-royaute"},"share_on_mastodon":{"url":"https:\/\/pubeurope.com\/@fr\/114926683747912769","error":""},"_links":{"self":[{"href":"https:\/\/www.europesays.com\/fr\/wp-json\/wp\/v2\/posts\/277951","targetHints":{"allow":["GET"]}}],"collection":[{"href":"https:\/\/www.europesays.com\/fr\/wp-json\/wp\/v2\/posts"}],"about":[{"href":"https:\/\/www.europesays.com\/fr\/wp-json\/wp\/v2\/types\/post"}],"author":[{"embeddable":true,"href":"https:\/\/www.europesays.com\/fr\/wp-json\/wp\/v2\/users\/2"}],"replies":[{"embeddable":true,"href":"https:\/\/www.europesays.com\/fr\/wp-json\/wp\/v2\/comments?post=277951"}],"version-history":[{"count":0,"href":"https:\/\/www.europesays.com\/fr\/wp-json\/wp\/v2\/posts\/277951\/revisions"}],"wp:featuredmedia":[{"embeddable":true,"href":"https:\/\/www.europesays.com\/fr\/wp-json\/wp\/v2\/media\/277952"}],"wp:attachment":[{"href":"https:\/\/www.europesays.com\/fr\/wp-json\/wp\/v2\/media?parent=277951"}],"wp:term":[{"taxonomy":"category","embeddable":true,"href":"https:\/\/www.europesays.com\/fr\/wp-json\/wp\/v2\/categories?post=277951"},{"taxonomy":"post_tag","embeddable":true,"href":"https:\/\/www.europesays.com\/fr\/wp-json\/wp\/v2\/tags?post=277951"}],"curies":[{"name":"wp","href":"https:\/\/api.w.org\/{rel}","templated":true}]}}