{"id":277953,"date":"2025-07-27T18:46:09","date_gmt":"2025-07-27T18:46:09","guid":{"rendered":"https:\/\/www.europesays.com\/fr\/277953\/"},"modified":"2025-07-27T18:46:09","modified_gmt":"2025-07-27T18:46:09","slug":"parthenon-de-larchitecture-rivale-de-rome-choeur-le-plus-haut-du-monde-les-secrets-de-la-cathedrale-de-beauvais","status":"publish","type":"post","link":"https:\/\/www.europesays.com\/fr\/277953\/","title":{"rendered":"\u00ab\u00a0Parth\u00e9non de l\u2019architecture\u00a0\u00bb, rivale de Rome, ch\u0153ur le plus haut du monde\u00a0: les secrets de la cath\u00e9drale de Beauvais"},"content":{"rendered":"<p class=\"paragraph text_align_left lp-f-body-02\">Le 29 novembre 1284, moins de trente ans apr\u00e8s sa construction, une partie des trav\u00e9es du ch\u0153ur s\u2019effondre. Pr\u00e8s de trois si\u00e8cles plus tard, en 1573, la tour lanterne, \u00e9difi\u00e9e quatre ans auparavant, s\u2019\u00e9croule emportant des vo\u00fbtes du transept et des arcs-boutants. De quoi sonner les glas des ambitions de cette cath\u00e9drale qui devait rivaliser avec celle d\u2019Amiens (<a href=\"https:\/\/www.leparisien.fr\/somme-80\/\" target=\"_self\" rel=\"noopener\">Somme<\/a>) et m\u00eame avec la <a href=\"https:\/\/www.leparisien.fr\/societe\/religions\/mort-du-pape-les-images-de-la-ceremonie-de-transfert-du-corps-de-francois-vers-la-basilique-saint-pierre-23-04-2025-WZTOGXA23RGOJECEMC367LMVZA.php\" target=\"_self\" rel=\"noopener\">basilique Saint-Pierre de Rome.<\/a><\/p>\n","protected":false},"excerpt":{"rendered":"Le 29 novembre 1284, moins de trente ans apr\u00e8s sa construction, une partie des trav\u00e9es du ch\u0153ur s\u2019effondre.&hellip;\n","protected":false},"author":2,"featured_media":277954,"comment_status":"","ping_status":"","sticky":false,"template":"","format":"standard","meta":{"footnotes":""},"categories":[1358],"tags":[1348,1384,1385,1386,58,59,1011,27,1944,1940],"class_list":{"0":"post-277953","1":"post","2":"type-post","3":"status-publish","4":"format-standard","5":"has-post-thumbnail","7":"category-arts-et-design","8":"tag-arts","9":"tag-arts-and-design","10":"tag-arts-et-design","11":"tag-design","12":"tag-divertissement","13":"tag-entertainment","14":"tag-fr","15":"tag-france","16":"tag-ma-ville","17":"tag-oise"},"share_on_mastodon":{"url":"https:\/\/pubeurope.com\/@fr\/114926687611704143","error":""},"_links":{"self":[{"href":"https:\/\/www.europesays.com\/fr\/wp-json\/wp\/v2\/posts\/277953","targetHints":{"allow":["GET"]}}],"collection":[{"href":"https:\/\/www.europesays.com\/fr\/wp-json\/wp\/v2\/posts"}],"about":[{"href":"https:\/\/www.europesays.com\/fr\/wp-json\/wp\/v2\/types\/post"}],"author":[{"embeddable":true,"href":"https:\/\/www.europesays.com\/fr\/wp-json\/wp\/v2\/users\/2"}],"replies":[{"embeddable":true,"href":"https:\/\/www.europesays.com\/fr\/wp-json\/wp\/v2\/comments?post=277953"}],"version-history":[{"count":0,"href":"https:\/\/www.europesays.com\/fr\/wp-json\/wp\/v2\/posts\/277953\/revisions"}],"wp:featuredmedia":[{"embeddable":true,"href":"https:\/\/www.europesays.com\/fr\/wp-json\/wp\/v2\/media\/277954"}],"wp:attachment":[{"href":"https:\/\/www.europesays.com\/fr\/wp-json\/wp\/v2\/media?parent=277953"}],"wp:term":[{"taxonomy":"category","embeddable":true,"href":"https:\/\/www.europesays.com\/fr\/wp-json\/wp\/v2\/categories?post=277953"},{"taxonomy":"post_tag","embeddable":true,"href":"https:\/\/www.europesays.com\/fr\/wp-json\/wp\/v2\/tags?post=277953"}],"curies":[{"name":"wp","href":"https:\/\/api.w.org\/{rel}","templated":true}]}}