{"id":277957,"date":"2025-07-27T18:48:10","date_gmt":"2025-07-27T18:48:10","guid":{"rendered":"https:\/\/www.europesays.com\/fr\/277957\/"},"modified":"2025-07-27T18:48:10","modified_gmt":"2025-07-27T18:48:10","slug":"comment-donald-trump-a-eu-la-peau-de-lemission-satirique-late-show","status":"publish","type":"post","link":"https:\/\/www.europesays.com\/fr\/277957\/","title":{"rendered":"Comment Donald Trump a eu la peau de l\u2019\u00e9mission satirique \u00ab\u00a0Late Show\u00a0\u00bb"},"content":{"rendered":"<p><strong>D\u00c9CRYPTAGE &#8211; <\/strong>Officiellement, la raison de sa suppression en mai prochain est purement financi\u00e8re. Mais cette d\u00e9cision a fait beaucoup de bruit car elle est intervenue \u00e0 un curieux moment.<\/p>\n<p class=\"fig-paragraph\">Stephen Colbert est c\u00e9l\u00e8bre pour ses satires politiques mordantes. Soir apr\u00e8s soir, l\u2019humoriste du \u00ab\u00a0Late Show\u00a0\u00bb \u00e9reinte f\u00e9rocement Donald Trump. Il rappelle qu\u2019<a href=\"http:\/\/www.lefigaro.fr\/international\/donald-trump-dans-le-piege-de-l-affaire-epstein-20250723\" data-fig-type=\"Article\" data-gtm-custom-categorie=\"navigation\" data-gtm-custom-action=\"crossclick\" data-gtm-custom-label=\"Contextuel\" data-gtm-event=\"customEventSPE\" data-fig-domain=\"LEFIGARO\" rel=\"nofollow noopener\" target=\"_blank\">il est mont\u00e9 au moins sept fois dans l\u2019avion du p\u00e9dophile Jeffrey Epstein\u00a0<\/a>quand ils \u00e9taient amis, et qu\u2019il a donc cumul\u00e9 assez de points pour se voir octroyer la carte \u00ab\u00a0Diamant pervers\u00a0\u00bb. Il n\u2019h\u00e9site pas \u00e0 frapper le pr\u00e9sident aux endroits sensibles, comme lorsqu\u2019il imagine que le surnom de Donald J. Trump sur la liste de clients d\u2019Epstein est \u00ab\u00a0Microp\u00e9nis DJT\u00a0\u00bb. Il se moque de ses promesses math\u00e9matiquement d\u00e9lirantes de baisser \u00ab\u00a0le prix des m\u00e9dicaments de 1000\u00a0%, 1100\u00a0%, 1200\u00a0%\u2026\u00bb L\u2019industrie pharmaceutique va devoir \u00ab\u00a0vous payer pour acheter ses produits\u00a0\u00bb, lance \u00e0 son public Stephen Colbert, qui affiche le plus fort audimat de toutes les \u00e9missions humoristiques de fin de soir\u00e9e.<\/p>\n<p class=\"fig-paragraph\">La semaine derni\u00e8re pourtant, Paramount, la maison m\u00e8re de CBS, a annonc\u00e9 brutalement la suppression de son \u00ab\u00a0Late Show\u00a0\u00bb en\u2026<\/p>\n<p class=\"fig-premium-paywall__infos\">\n        Cet article est r\u00e9serv\u00e9 aux abonn\u00e9s.        Il vous reste 85% \u00e0 d\u00e9couvrir.\n    <\/p>\n<p>                <img  data- alt=\"Le Figaro\" class=\"fig-img--complete fig-img\"\/><\/p>\n<p class=\"fig-premium-paywall__title\">Vous avez envie de lire la suite ?<\/p>\n<p class=\"fig-premium-paywall__subtitle\">D\u00e9bloquez tous les articles imm\u00e9diatement.<\/p>\n<p class=\"fig-premium-paywall__connect\">\n                D\u00e9j\u00e0 abonn\u00e9\u00a0?                <a class=\"fig-premium-paywall__connect-link\" href=\"https:\/\/connect.lefigaro.fr\/login?client=horizon_web&amp;type=main&amp;redirect_uri=https%3A%2F%2Fwww.lefigaro.fr%2Finternational%2Fcomment-donald-trump-a-eu-la-peau-de-l-emission-satirique-late-show-20250727\" data-js-gtm=\"{&quot;customCategorie&quot;: &quot;conversion&quot;, &quot;customAction&quot;: &quot;before_Landing_Connexion_paywall_auto&quot;, &quot;customLabel&quot;: &quot;bGVmaWdhcm8uZnJfXzFmMDZhZjEyLWJiYjMtNjdmMi1hOWMyLTJiN2QxYjRiZDg2OF9fQXJ0aWNsZQ==_Comment Donald Trump a eu la peau de l\u2019\u00e9mission satirique \u00ab\u00a0Late Show\u00a0\u00bb_127&quot;, &quot;customIDSPE&quot;: &quot;bGVmaWdhcm8uZnJfXzFmMDZhZjEyLWJiYjMtNjdmMi1hOWMyLTJiN2QxYjRiZDg2OF9fQXJ0aWNsZQ==&quot;, &quot;event&quot;: &quot;customEventSPE&quot;}\" rel=\"nofollow noopener\" target=\"_blank\"><br \/>\n                    Connectez-vous<br \/>\n                <\/a>\n            <\/p>\n","protected":false},"excerpt":{"rendered":"D\u00c9CRYPTAGE &#8211; Officiellement, la raison de sa suppression en mai prochain est purement financi\u00e8re. Mais cette d\u00e9cision a&hellip;\n","protected":false},"author":2,"featured_media":277958,"comment_status":"","ping_status":"","sticky":false,"template":"","format":"standard","meta":{"footnotes":""},"categories":[1356],"tags":[58,75,59,73,1011,27,252,1364],"class_list":{"0":"post-277957","1":"post","2":"type-post","3":"status-publish","4":"format-standard","5":"has-post-thumbnail","7":"category-television","8":"tag-divertissement","9":"tag-donald-trump","10":"tag-entertainment","11":"tag-etats-unis","12":"tag-fr","13":"tag-france","14":"tag-television","15":"tag-tv"},"share_on_mastodon":{"url":"https:\/\/pubeurope.com\/@fr\/114926695583632897","error":""},"_links":{"self":[{"href":"https:\/\/www.europesays.com\/fr\/wp-json\/wp\/v2\/posts\/277957","targetHints":{"allow":["GET"]}}],"collection":[{"href":"https:\/\/www.europesays.com\/fr\/wp-json\/wp\/v2\/posts"}],"about":[{"href":"https:\/\/www.europesays.com\/fr\/wp-json\/wp\/v2\/types\/post"}],"author":[{"embeddable":true,"href":"https:\/\/www.europesays.com\/fr\/wp-json\/wp\/v2\/users\/2"}],"replies":[{"embeddable":true,"href":"https:\/\/www.europesays.com\/fr\/wp-json\/wp\/v2\/comments?post=277957"}],"version-history":[{"count":0,"href":"https:\/\/www.europesays.com\/fr\/wp-json\/wp\/v2\/posts\/277957\/revisions"}],"wp:featuredmedia":[{"embeddable":true,"href":"https:\/\/www.europesays.com\/fr\/wp-json\/wp\/v2\/media\/277958"}],"wp:attachment":[{"href":"https:\/\/www.europesays.com\/fr\/wp-json\/wp\/v2\/media?parent=277957"}],"wp:term":[{"taxonomy":"category","embeddable":true,"href":"https:\/\/www.europesays.com\/fr\/wp-json\/wp\/v2\/categories?post=277957"},{"taxonomy":"post_tag","embeddable":true,"href":"https:\/\/www.europesays.com\/fr\/wp-json\/wp\/v2\/tags?post=277957"}],"curies":[{"name":"wp","href":"https:\/\/api.w.org\/{rel}","templated":true}]}}