{"id":277968,"date":"2025-07-27T18:54:13","date_gmt":"2025-07-27T18:54:13","guid":{"rendered":"https:\/\/www.europesays.com\/fr\/277968\/"},"modified":"2025-07-27T18:54:13","modified_gmt":"2025-07-27T18:54:13","slug":"sous-une-montagne-de-savoie-la-chasse-aux-particules-de-matiere-noire-ce-monde-parallele-qui-structure-lunivers","status":"publish","type":"post","link":"https:\/\/www.europesays.com\/fr\/277968\/","title":{"rendered":"Sous une montagne de Savoie, la chasse aux particules de \u00ab\u00a0mati\u00e8re noire\u00a0\u00bb, ce monde parall\u00e8le qui structure l\u2019Univers"},"content":{"rendered":"<p>                         <img loading=\"lazy\" decoding=\"async\" src=\"https:\/\/www.europesays.com\/fr\/wp-content\/uploads\/2025\/07\/06caec9_upload-1-hfj0n2qgtzjc-20250304-162726.jpg\" alt=\"Installation du prototype de l\u2019exp\u00e9rience DAMIC-M de traque de la mati\u00e8re noire, au laboratoire souterrain de Modane, en mars 2025\"   width=\"664\" height=\"443\"\/>    Installation du prototype de l\u2019exp\u00e9rience DAMIC-M de traque de la mati\u00e8re noire, au laboratoire souterrain de Modane, en mars 2025  DAMIC-M                 <\/p>\n<p class=\"article__paragraph  \">Les physiciens ont de dr\u00f4les d\u2019id\u00e9es. Ils pr\u00e9tendent avoir ouvert une nouvelle fen\u00eatre sur l\u2019Univers\u2026 sous les Alpes. Pas le plus pratique pour voir quelque chose. Et pourtant.<\/p>\n<p class=\"article__paragraph  \">Pr\u00e8s de Modane (Savoie), au milieu du tunnel de Fr\u00e9jus, \u00e0 6 kilom\u00e8tres de l\u2019entr\u00e9e, entre la France et l\u2019Italie, une porte m\u00e9tallique au gris noirci par les goudrons et plastiques est marqu\u00e9e d\u2019un sens interdit. Un des physiciens en gilet jaune donne le top pour traverser \u00e0 pied la double voie apr\u00e8s le passage de poids lourds et de voitures. Derri\u00e8re la premi\u00e8re porte, une seconde, puis une troisi\u00e8me. Enfin s\u2019ouvre une vaste galerie qui s\u2019enfonce dans la montagne, presque \u00e0 la verticale de la pointe du Fr\u00e9jus, qui culmine 1\u00a0700 m\u00e8tres plus haut, \u00e0 2\u00a0932 m\u00e8tres.<\/p>\n<p class=\"article__paragraph  \">Sur la droite, une pi\u00e8ce de quelques m\u00e8tres carr\u00e9s, aux parois transparentes qui semblent fragiles. A l\u2019int\u00e9rieur, le prototype d\u2019une \u00ab\u00a0fen\u00eatre\u00a0\u00bb d\u2019observation quasi unique au monde, baptis\u00e9e \u00ab\u00a0Damic-M\u00a0\u00bb. \u00ab\u00a0On le surnomme \u201cLa belle chambre\u201d, LBC, pour \u201cLow Background Chamber\u201d [chambre \u00e0 bas bruit]\u00a0\u00bb, d\u00e9crit Antoine Letessier-Selvon, chercheur CNRS au Laboratoire de physique nucl\u00e9aire et hautes \u00e9nergies (CNRS\/Sorbonne Universit\u00e9), le coordinateur scientifique de cette exp\u00e9rience majoritairement am\u00e9ricano-fran\u00e7aise, qui compte une cinquantaine de personnes.<\/p>\n<p class=\"reading-mode-only \"><strong>Il vous reste 83.35% de cet article \u00e0 lire. La suite est r\u00e9serv\u00e9e aux abonn\u00e9s.<\/strong><\/p>\n","protected":false},"excerpt":{"rendered":"Installation du prototype de l\u2019exp\u00e9rience DAMIC-M de traque de la mati\u00e8re noire, au laboratoire souterrain de Modane, en&hellip;\n","protected":false},"author":2,"featured_media":277969,"comment_status":"","ping_status":"","sticky":false,"template":"","format":"standard","meta":{"footnotes":""},"categories":[7],"tags":[1011,27,43,40,41,39,42,44],"class_list":{"0":"post-277968","1":"post","2":"type-post","3":"status-publish","4":"format-standard","5":"has-post-thumbnail","7":"category-sciences-et-technologies","8":"tag-fr","9":"tag-france","10":"tag-science","11":"tag-science-and-technology","12":"tag-sciences","13":"tag-sciences-et-technologies","14":"tag-technologies","15":"tag-technology"},"share_on_mastodon":{"url":"https:\/\/pubeurope.com\/@fr\/114926719102130684","error":""},"_links":{"self":[{"href":"https:\/\/www.europesays.com\/fr\/wp-json\/wp\/v2\/posts\/277968","targetHints":{"allow":["GET"]}}],"collection":[{"href":"https:\/\/www.europesays.com\/fr\/wp-json\/wp\/v2\/posts"}],"about":[{"href":"https:\/\/www.europesays.com\/fr\/wp-json\/wp\/v2\/types\/post"}],"author":[{"embeddable":true,"href":"https:\/\/www.europesays.com\/fr\/wp-json\/wp\/v2\/users\/2"}],"replies":[{"embeddable":true,"href":"https:\/\/www.europesays.com\/fr\/wp-json\/wp\/v2\/comments?post=277968"}],"version-history":[{"count":0,"href":"https:\/\/www.europesays.com\/fr\/wp-json\/wp\/v2\/posts\/277968\/revisions"}],"wp:featuredmedia":[{"embeddable":true,"href":"https:\/\/www.europesays.com\/fr\/wp-json\/wp\/v2\/media\/277969"}],"wp:attachment":[{"href":"https:\/\/www.europesays.com\/fr\/wp-json\/wp\/v2\/media?parent=277968"}],"wp:term":[{"taxonomy":"category","embeddable":true,"href":"https:\/\/www.europesays.com\/fr\/wp-json\/wp\/v2\/categories?post=277968"},{"taxonomy":"post_tag","embeddable":true,"href":"https:\/\/www.europesays.com\/fr\/wp-json\/wp\/v2\/tags?post=277968"}],"curies":[{"name":"wp","href":"https:\/\/api.w.org\/{rel}","templated":true}]}}