{"id":277973,"date":"2025-07-27T18:57:11","date_gmt":"2025-07-27T18:57:11","guid":{"rendered":"https:\/\/www.europesays.com\/fr\/277973\/"},"modified":"2025-07-27T18:57:11","modified_gmt":"2025-07-27T18:57:11","slug":"si-les-elus-veulent-la-guerre-civile-a-limoges-200-manifestants-ont-proteste-contre-des-propos-du-maire-juges-stigmatisants","status":"publish","type":"post","link":"https:\/\/www.europesays.com\/fr\/277973\/","title":{"rendered":"\u00ab\u00a0Si les \u00e9lus veulent la guerre civile\u2026\u00a0\u00bb\u00a0: \u00e0 Limoges, 200 manifestants ont protest\u00e9 contre des propos du maire jug\u00e9s stigmatisants"},"content":{"rendered":"<p class=\"paragraph text_align_left lp-f-body-02\">La pol\u00e9mique ne se tarit pas. Environ 200 personnes ont d\u00e9fil\u00e9 dimanche dans le calme \u00e0 Limoges pour <a href=\"https:\/\/www.leparisien.fr\/faits-divers\/irresponsables-et-dangereux-des-adjoints-et-lopposition-denoncent-les-propos-du-maire-de-limoges-apres-les-violences-urbaines-25-07-2025-WVCFY7NGKJHRJJH5ALTGKSWDBI.php\" target=\"_blank\" rel=\"nofollow noopener\">protester contre des propos jug\u00e9s stigmatisants du maire<\/a> (divers droite) \u00c9mile Roger Lombertie concernant les habitants d\u2019un quartier prioritaire, <a href=\"https:\/\/www.leparisien.fr\/faits-divers\/limoges-retour-au-calme-apres-une-nuit-marquee-par-des-violences-samedi-20-07-2025-C5TYCLPGHBG7JH5Q33VAKBBFE4.php\" target=\"_self\" rel=\"nofollow noopener\">th\u00e9\u00e2tre de violences urbaines<\/a> quelques jours auparavant.<\/p>\n<p class=\"paragraph text_align_left lp-f-body-02\">\u00ab Je suis profond\u00e9ment choqu\u00e9e que l\u2019on nous traite d\u2019animaux. Si les \u00e9lus veulent la guerre civile, ils ne peuvent pas mieux s\u2019y prendre que de tenir de tels propos \u00bb, a d\u00e9clar\u00e9 Fatiha Zemani, se pr\u00e9sentant comme issue de la plus vieille famille maghr\u00e9bine et musulmane de Limoges.<\/p>\n<p class=\"paragraph text_align_left lp-f-body-02\">Dans la nuit du 18 au 19 juillet, <a href=\"https:\/\/www.leparisien.fr\/faits-divers\/deferlement-de-violence-inouie-a-limoges-la-guerilla-urbaine-des-enfants-soldats-21-07-2025-CRXC625FKFBGNPOTU5CO22AZBU.php\" target=\"_self\" rel=\"nofollow noopener\">des affrontements ont eu lieu dans le quartier du Val de l\u2019Aurence<\/a> entre les forces de l\u2019ordre et une centaine de personnes masqu\u00e9es, arm\u00e9es de mortiers, cocktails Molotov et battes de baseball, qui s\u2019en sont aussi pris \u00e0 des v\u00e9hicules en circulation, certains avec des enfants \u00e0 bord.<\/p>\n<p>Le maire avait d\u00e9nonc\u00e9 des \u00ab comportements de b\u00eates \u00bb<\/p>\n<p class=\"paragraph text_align_left lp-f-body-02\">Aupr\u00e8s de diff\u00e9rents m\u00e9dias, dont BFMTV et CNews, M. Lombertie a parl\u00e9 de \u00ab mexicanisation des quartiers \u00bb, de \u00ab zone de non droit \u00bb, peupl\u00e9e \u00ab d\u2019enfants soldats \u00bb, suscitant une vive \u00e9motion parmi les habitants et responsables associatifs.<\/p>\n<p class=\"lp-card-podcast-highlighting__title  lp-f-subtitle-05\">[1\/4] C\u00e9cile Vallin, les secrets d\u2019une disparition<\/p>\n<p class=\"lp-card-podcast-highlighting__description lp-f-ui-05\">Crime story raconte chaque semaine les grandes affaires criminelles.<\/p>\n<p><a class=\"lp-card-podcast-highlighting__call-to-action\" data-page-type=\"HP\" data-block-name=\"podcast-highlight\">\u00c9couter<\/a><\/p>\n<p class=\"paragraph text_align_left lp-f-body-02\">\u00ab Beaucoup sont musulmans salafistes int\u00e9gristes \u00bb, a d\u00e9clar\u00e9 l\u2019\u00e9lu de 74 ans, en parlant des habitants du Val de l\u2019Aurence, o\u00f9 prosp\u00e8rent selon lui \u00ab l\u2019id\u00e9ologie musulmane \u00bb et \u00ab l\u2019id\u00e9ologie de gauche et d\u2019extr\u00eame gauche LFI \u00bb.<\/p>\n<p class=\"paragraph text_align_left lp-f-body-02\">\u00ab Quand on consid\u00e8re les gens comme des b\u00eates et qu\u2019on les laisse libres comme des b\u00eates, ils ont des comportements de b\u00eate \u00bb, a-t-il aussi d\u00e9clar\u00e9 au site d\u2019extr\u00eame droite Boulevard Voltaire.<\/p>\n<p>\u00ab Ne pas rester silencieux face \u00e0 ces stigmatisations \u00bb<\/p>\n<p class=\"paragraph text_align_left lp-f-body-02\">\u00ab Ce sont des propos inacceptables. Nos enfants sont bien \u00e9duqu\u00e9s. Nous ne cautionnons pas les violences, mais nous ne pouvons pas rester silencieux face \u00e0 ces stigmatisations \u00bb, a soulign\u00e9 Hassan El Kanneb, pr\u00e9sident de l\u2019Association des Marocains de Limoges, \u00e0 l\u2019origine de la mobilisation.<\/p>\n<p class=\"paragraph text_align_left lp-f-body-02\">Yasmine El Bouzrati, Franco-Marocaine de 22 ans, faisait partie du cort\u00e8ge. \u00ab J\u2019ai travaill\u00e9 au Val de l\u2019Aurence. Les enfants que j\u2019ai accompagn\u00e9s (\u2026) veulent apprendre, d\u00e9couvrir. Ces st\u00e9r\u00e9otypes ancr\u00e9s dans notre soci\u00e9t\u00e9 n\u2019ont pas leur place dans la bouche d\u2019un \u00e9lu \u00bb, a-t-elle dit.<\/p>\n<p class=\"paragraph text_align_left lp-f-body-02\">Plusieurs \u00e9lus municipaux PCF, PS et PRG, un \u00e9lu de la majorit\u00e9 municipale ainsi que la d\u00e9put\u00e9e LFI Manon Meunier \u00e9taient pr\u00e9sents aux c\u00f4t\u00e9s des manifestants. L\u2019opposition de gauche avait d\u00e9j\u00e0 publiquement d\u00e9nonc\u00e9 des \u00ab amalgames \u00bb et quatre adjoints du maire avaient d\u00e9plor\u00e9 des propos \u00ab inacceptables \u00bb.<\/p>\n<p class=\"paragraph text_align_left lp-f-body-02\">Cette nuit de violences avait fait neuf bless\u00e9s parmi les policiers. Une enqu\u00eate est en cours.<\/p>\n","protected":false},"excerpt":{"rendered":"La pol\u00e9mique ne se tarit pas. Environ 200 personnes ont d\u00e9fil\u00e9 dimanche dans le calme \u00e0 Limoges pour&hellip;\n","protected":false},"author":2,"featured_media":274199,"comment_status":"","ping_status":"","sticky":false,"template":"","format":"standard","meta":{"footnotes":""},"categories":[4],"tags":[11,459,118,1011,27,12,25],"class_list":{"0":"post-277973","1":"post","2":"type-post","3":"status-publish","4":"format-standard","5":"has-post-thumbnail","7":"category-france","8":"tag-actualites","9":"tag-departements-horsidfo","10":"tag-faits-divers","11":"tag-fr","12":"tag-france","13":"tag-news","14":"tag-republique-francaise"},"share_on_mastodon":{"url":"https:\/\/pubeurope.com\/@fr\/114926730902529180","error":""},"_links":{"self":[{"href":"https:\/\/www.europesays.com\/fr\/wp-json\/wp\/v2\/posts\/277973","targetHints":{"allow":["GET"]}}],"collection":[{"href":"https:\/\/www.europesays.com\/fr\/wp-json\/wp\/v2\/posts"}],"about":[{"href":"https:\/\/www.europesays.com\/fr\/wp-json\/wp\/v2\/types\/post"}],"author":[{"embeddable":true,"href":"https:\/\/www.europesays.com\/fr\/wp-json\/wp\/v2\/users\/2"}],"replies":[{"embeddable":true,"href":"https:\/\/www.europesays.com\/fr\/wp-json\/wp\/v2\/comments?post=277973"}],"version-history":[{"count":0,"href":"https:\/\/www.europesays.com\/fr\/wp-json\/wp\/v2\/posts\/277973\/revisions"}],"wp:featuredmedia":[{"embeddable":true,"href":"https:\/\/www.europesays.com\/fr\/wp-json\/wp\/v2\/media\/274199"}],"wp:attachment":[{"href":"https:\/\/www.europesays.com\/fr\/wp-json\/wp\/v2\/media?parent=277973"}],"wp:term":[{"taxonomy":"category","embeddable":true,"href":"https:\/\/www.europesays.com\/fr\/wp-json\/wp\/v2\/categories?post=277973"},{"taxonomy":"post_tag","embeddable":true,"href":"https:\/\/www.europesays.com\/fr\/wp-json\/wp\/v2\/tags?post=277973"}],"curies":[{"name":"wp","href":"https:\/\/api.w.org\/{rel}","templated":true}]}}