{"id":277974,"date":"2025-07-27T18:58:12","date_gmt":"2025-07-27T18:58:12","guid":{"rendered":"https:\/\/www.europesays.com\/fr\/277974\/"},"modified":"2025-07-27T18:58:12","modified_gmt":"2025-07-27T18:58:12","slug":"un-etudiant-teste-positif-a-lalcool-apres-avoir-uniquement-mange-des-madeleines","status":"publish","type":"post","link":"https:\/\/www.europesays.com\/fr\/277974\/","title":{"rendered":"Un \u00e9tudiant test\u00e9 positif \u00e0 l\u2019alcool apr\u00e8s avoir uniquement mang\u00e9 des madeleines"},"content":{"rendered":"<p>Une \u00e9trange m\u00e9saventure qui ouvre la porte \u00e0 de nombreuses questions. A <a href=\"https:\/\/www.20minutes.fr\/dossier\/mont-de-marsan\" class=\"color-ultramarine c-link\" target=\"_blank\" rel=\"noopener\">Mont-de-Marsan<\/a>, un jeune homme de 20 ans a \u00e9t\u00e9 test\u00e9 positif \u00e0 l\u2019alcool alors qu\u2019<a href=\"https:\/\/www.20minutes.fr\/sante\/4108390-20240904-partir-60-ans-consommation-alcool-nocive-faible-dose\" target=\"_blank\" class=\"color-ultramarine c-link\" rel=\"noopener\">il ne boit pas une goutte <\/a>et n\u2019avait ingurgit\u00e9 que\u2026 des madeleines industrielles. Sa m\u00e8re puis les policiers se sont soumis au test, pour un r\u00e9sultat identique, r\u00e9v\u00e8le <a href=\"https:\/\/www.sudouest.fr\/economie\/conso-distribution\/video-il-mange-une-madeleine-il-est-teste-positif-a-l-alcool-les-policiers-aussi-25373458.php\" rel=\"nofollow noopener\" target=\"_blank\" class=\"color-ultramarine c-link\">Sud-Ouest<\/a>. Il a d\u00e9pos\u00e9 une main courante et l\u2019exportateur de ces g\u00e2teaux, fabriqu\u00e9s en France, a confi\u00e9 \u00e0 nos confr\u00e8res qu\u2019un \u00e9chantillon allait \u00eatre envoy\u00e9 en laboratoire.<\/p>\n<p>Cette affaire a d\u00e9but\u00e9 mercredi 23\u00a0juillet. Ce matin-l\u00e0, Jean*, un \u00e9tudiant de 20 ans se pr\u00e9sente sur l\u2019exploitation agricole o\u00f9 il travaille l\u2019\u00e9t\u00e9, en tant que saisonnier. Comme chaque jour, il se soumet \u00e0 un <a href=\"https:\/\/www.20minutes.fr\/societe\/4151187-20250430-depistages-drogue-bientot-obligatoires-chauffeurs-bus\" target=\"_blank\" class=\"color-ultramarine c-link\" rel=\"noopener\">test d\u2019alcool\u00e9mie<\/a> pour pouvoir embaucher. Une formalit\u00e9 car il ne boit pas. Pourtant la machine indique qu<a href=\"https:\/\/www.20minutes.fr\/justice\/4147066-20250515-alcool-volant-permis-invalide-open-bar-infractions-selon-ex-controleur-cars-landes\" target=\"_blank\" class=\"color-ultramarine c-link\" rel=\"noopener\">\u2019il est positif \u00e0 l\u2019alcool<\/a>. Une fois, deux fois, trois fois. Pas d\u2019erreur possible mais comment expliquer un tel r\u00e9sultat\u00a0? Le jeune homme fait alors le rapprochement avec les deux madeleines qu\u2019il a mang\u00e9 juste avant d\u2019arriver. \u00ab\u00a0Je n\u2019ai jamais bu une goutte d\u2019alcool de ma vie et l\u00e0 je suis positif en mangeant une madeleine\u00a0!\u00a0\u00bb, confie-t-il au quotidien local.<\/p>\n<p>Les policiers \u00e0 leur tour positifs \u00e0 l\u2019alcool<\/p>\n<p>Alert\u00e9e, la m\u00e8re de l\u2019\u00e9tudiant d\u00e9cide de se soumettre au m\u00eame rituel. Elle mange une madeleine puis souffle dans un \u00e9thylotest. Positif. D\u00e9termin\u00e9e \u00e0 comprendre, elle se rend chez son m\u00e9decin. \u00ab\u00a0Elle n\u2019y a pas cru et m\u2019a assur\u00e9 qu\u2019\u00eatre positif \u00e0 l\u2019alcool apr\u00e8s avoir mang\u00e9 une madeleine \u00e9tait impossible\u00a0\u00bb, assure-t-elle. D\u00e8s lors, direction le commissariat de Mont-de-Marsan. M\u00e8re et fils ont avec eux un paquet desdites madeleines. Des policiers en mangent, soufflent dans le test. Positif avec 0,25 mg\/L d\u2019air expir\u00e9.<\/p>\n<p>Contact\u00e9 par Sud-Ouest, l\u2019export manager de Productos Arenas, qui fabrique ces g\u00e2teaux en France, a indiqu\u00e9 qu\u2019un \u00e9chantillon serait envoy\u00e9 en laboratoire pour analyse.<\/p>\n<p>* Le pr\u00e9nom a \u00e9t\u00e9 modifi\u00e9<\/p>\n","protected":false},"excerpt":{"rendered":"Une \u00e9trange m\u00e9saventure qui ouvre la porte \u00e0 de nombreuses questions. A Mont-de-Marsan, un jeune homme de 20&hellip;\n","protected":false},"author":2,"featured_media":277975,"comment_status":"","ping_status":"","sticky":false,"template":"","format":"standard","meta":{"footnotes":""},"categories":[2],"tags":[47,11,5702,41736,118,1011,27,9390,12],"class_list":{"0":"post-277974","1":"post","2":"type-post","3":"status-publish","4":"format-standard","5":"has-post-thumbnail","7":"category-actualites","8":"tag-actualite","9":"tag-actualites","10":"tag-alcool","11":"tag-biscuits","12":"tag-faits-divers","13":"tag-fr","14":"tag-france","15":"tag-mont-de-marsan","16":"tag-news"},"share_on_mastodon":{"url":"https:\/\/pubeurope.com\/@fr\/114926734748298062","error":""},"_links":{"self":[{"href":"https:\/\/www.europesays.com\/fr\/wp-json\/wp\/v2\/posts\/277974","targetHints":{"allow":["GET"]}}],"collection":[{"href":"https:\/\/www.europesays.com\/fr\/wp-json\/wp\/v2\/posts"}],"about":[{"href":"https:\/\/www.europesays.com\/fr\/wp-json\/wp\/v2\/types\/post"}],"author":[{"embeddable":true,"href":"https:\/\/www.europesays.com\/fr\/wp-json\/wp\/v2\/users\/2"}],"replies":[{"embeddable":true,"href":"https:\/\/www.europesays.com\/fr\/wp-json\/wp\/v2\/comments?post=277974"}],"version-history":[{"count":0,"href":"https:\/\/www.europesays.com\/fr\/wp-json\/wp\/v2\/posts\/277974\/revisions"}],"wp:featuredmedia":[{"embeddable":true,"href":"https:\/\/www.europesays.com\/fr\/wp-json\/wp\/v2\/media\/277975"}],"wp:attachment":[{"href":"https:\/\/www.europesays.com\/fr\/wp-json\/wp\/v2\/media?parent=277974"}],"wp:term":[{"taxonomy":"category","embeddable":true,"href":"https:\/\/www.europesays.com\/fr\/wp-json\/wp\/v2\/categories?post=277974"},{"taxonomy":"post_tag","embeddable":true,"href":"https:\/\/www.europesays.com\/fr\/wp-json\/wp\/v2\/tags?post=277974"}],"curies":[{"name":"wp","href":"https:\/\/api.w.org\/{rel}","templated":true}]}}