{"id":277976,"date":"2025-07-27T18:59:16","date_gmt":"2025-07-27T18:59:16","guid":{"rendered":"https:\/\/www.europesays.com\/fr\/277976\/"},"modified":"2025-07-27T18:59:16","modified_gmt":"2025-07-27T18:59:16","slug":"ce-ne-sont-pas-des-bourrins-avec-des-chemises-a-carreaux","status":"publish","type":"post","link":"https:\/\/www.europesays.com\/fr\/277976\/","title":{"rendered":"\u00ab\u00a0Ce ne sont pas des bourrins avec des chemises \u00e0 carreaux\u00a0\u00bb"},"content":{"rendered":"<p>Le rendez-vous est fix\u00e9 \u00e0 9 heures, place de la mairie, \u00e0 Marcilly-le-Ch\u00e2tel. Constance Gasparoux, charg\u00e9e de mission chez Fibois 42, Marceau Delauche gestionnaire forestier chez Passion Nature Forez et Franck Flachon technicien \u00e0 l\u2019Office national des For\u00eats (ONF), nous attendent avec des caisses remplies de gilets orange et de casques de chantier. Nous sommes une quinzaine \u00e0 tenter l\u2019aventure.<\/p>\n<p>\u00ab\u00a0Vous \u00eates l\u00e0 pour d\u00e9couvrir comment un b\u00fbcheron travaille. Mais d\u2019abord, selon vous, quels outils utilise-t-il\u00a0?\u00a0\u00bb Na\u00efvement, on peut penser \u00e0 la hache. Perdu. \u00ab\u00a0Heureusement pour lui, il ne travaille pas \u00e0 la hache, mais \u00e0 la tron\u00e7onneuse\u00a0\u00bb ou avec de plus gros engins.<\/p>\n<p>Premi\u00e8re erreur, premier st\u00e9r\u00e9otype. Et c\u2019est l\u00e0 tout le but de cette&#8230;<\/p>\n","protected":false},"excerpt":{"rendered":"Le rendez-vous est fix\u00e9 \u00e0 9 heures, place de la mairie, \u00e0 Marcilly-le-Ch\u00e2tel. Constance Gasparoux, charg\u00e9e de mission&hellip;\n","protected":false},"author":2,"featured_media":277977,"comment_status":"","ping_status":"","sticky":false,"template":"","format":"standard","meta":{"footnotes":""},"categories":[9653],"tags":[1111,11,2430,41738,33,7359,436,1777,674,107,1011,27,693,3367,41737,12,25,4001,4604,273],"class_list":{"0":"post-277976","1":"post","2":"type-post","3":"status-publish","4":"format-standard","5":"has-post-thumbnail","7":"category-saint-etienne","8":"tag-actu","9":"tag-actualites","10":"tag-auvergne-rhone-alpes","11":"tag-boen-sur-lignon-bassin","12":"tag-economie","13":"tag-edition-loire-centre","14":"tag-environnement","15":"tag-eu","16":"tag-europe","17":"tag-fil-info","18":"tag-fr","19":"tag-france","20":"tag-industrie","21":"tag-loire","22":"tag-marcilly-le-chatel","23":"tag-news","24":"tag-republique-francaise","25":"tag-saint-etienne","26":"tag-selection-abonne","27":"tag-selection-de-la-redaction"},"share_on_mastodon":{"url":"https:\/\/pubeurope.com\/@fr\/114926738679935064","error":""},"_links":{"self":[{"href":"https:\/\/www.europesays.com\/fr\/wp-json\/wp\/v2\/posts\/277976","targetHints":{"allow":["GET"]}}],"collection":[{"href":"https:\/\/www.europesays.com\/fr\/wp-json\/wp\/v2\/posts"}],"about":[{"href":"https:\/\/www.europesays.com\/fr\/wp-json\/wp\/v2\/types\/post"}],"author":[{"embeddable":true,"href":"https:\/\/www.europesays.com\/fr\/wp-json\/wp\/v2\/users\/2"}],"replies":[{"embeddable":true,"href":"https:\/\/www.europesays.com\/fr\/wp-json\/wp\/v2\/comments?post=277976"}],"version-history":[{"count":0,"href":"https:\/\/www.europesays.com\/fr\/wp-json\/wp\/v2\/posts\/277976\/revisions"}],"wp:featuredmedia":[{"embeddable":true,"href":"https:\/\/www.europesays.com\/fr\/wp-json\/wp\/v2\/media\/277977"}],"wp:attachment":[{"href":"https:\/\/www.europesays.com\/fr\/wp-json\/wp\/v2\/media?parent=277976"}],"wp:term":[{"taxonomy":"category","embeddable":true,"href":"https:\/\/www.europesays.com\/fr\/wp-json\/wp\/v2\/categories?post=277976"},{"taxonomy":"post_tag","embeddable":true,"href":"https:\/\/www.europesays.com\/fr\/wp-json\/wp\/v2\/tags?post=277976"}],"curies":[{"name":"wp","href":"https:\/\/api.w.org\/{rel}","templated":true}]}}