{"id":277979,"date":"2025-07-27T19:01:31","date_gmt":"2025-07-27T19:01:31","guid":{"rendered":"https:\/\/www.europesays.com\/fr\/277979\/"},"modified":"2025-07-27T19:01:31","modified_gmt":"2025-07-27T19:01:31","slug":"grand-nancy-tintin-le-phallus-de-titan-va-souvrir-pas-rare-mais-rarissime-3","status":"publish","type":"post","link":"https:\/\/www.europesays.com\/fr\/277979\/","title":{"rendered":"Grand Nancy. Tintin, le phallus de Titan va s\u2019ouvrir\u00a0: pas rare, mais rarissime\u00a0!"},"content":{"rendered":"<p>Il grandit. Chaque jour un peu plus. Ce vendredi matin, il a atteint 1,88\u00a0m, ajoutant en une nuit 4\u00a0cm \u00e0 son gigantisme. Gigantisme qui fait justement l\u2019une des singularit\u00e9s de l\u2019amorphophallus titanum, que tout le monde conna\u00eet d\u00e9sormais comme le phallus ou p\u00e9nis de Titan. C\u2019est que Tintin (\u00e7a, c\u2019est pour son petit nom familier) est c\u00e9l\u00e8bre d\u00e9sormais en Lorraine. En 2023, il avait fait le cadeau, rare, de sa floraison. Une premi\u00e8re pour le jardin botanique Jean-Marie-Pelt. Un magnifique spectacle, dont quelque 20\u00a0000 visiteurs avaient alors pu profiter. Cette&#8230;<\/p>\n","protected":false},"excerpt":{"rendered":"Il grandit. Chaque jour un peu plus. Ce vendredi matin, il a atteint 1,88\u00a0m, ajoutant en une nuit&hellip;\n","protected":false},"author":2,"featured_media":277980,"comment_status":"","ping_status":"","sticky":false,"template":"","format":"standard","meta":{"footnotes":""},"categories":[9635],"tags":[1111,11,436,1777,674,1011,27,775,1757,1702,12,3456,25,767],"class_list":{"0":"post-277979","1":"post","2":"type-post","3":"status-publish","4":"format-standard","5":"has-post-thumbnail","7":"category-nancy","8":"tag-actu","9":"tag-actualites","10":"tag-environnement","11":"tag-eu","12":"tag-europe","13":"tag-fr","14":"tag-france","15":"tag-grand-est","16":"tag-insolite","17":"tag-nancy","18":"tag-news","19":"tag-region-lorraine","20":"tag-republique-francaise","21":"tag-science-et-technologie"},"share_on_mastodon":{"url":"https:\/\/pubeurope.com\/@fr\/114926746575616492","error":""},"_links":{"self":[{"href":"https:\/\/www.europesays.com\/fr\/wp-json\/wp\/v2\/posts\/277979","targetHints":{"allow":["GET"]}}],"collection":[{"href":"https:\/\/www.europesays.com\/fr\/wp-json\/wp\/v2\/posts"}],"about":[{"href":"https:\/\/www.europesays.com\/fr\/wp-json\/wp\/v2\/types\/post"}],"author":[{"embeddable":true,"href":"https:\/\/www.europesays.com\/fr\/wp-json\/wp\/v2\/users\/2"}],"replies":[{"embeddable":true,"href":"https:\/\/www.europesays.com\/fr\/wp-json\/wp\/v2\/comments?post=277979"}],"version-history":[{"count":0,"href":"https:\/\/www.europesays.com\/fr\/wp-json\/wp\/v2\/posts\/277979\/revisions"}],"wp:featuredmedia":[{"embeddable":true,"href":"https:\/\/www.europesays.com\/fr\/wp-json\/wp\/v2\/media\/277980"}],"wp:attachment":[{"href":"https:\/\/www.europesays.com\/fr\/wp-json\/wp\/v2\/media?parent=277979"}],"wp:term":[{"taxonomy":"category","embeddable":true,"href":"https:\/\/www.europesays.com\/fr\/wp-json\/wp\/v2\/categories?post=277979"},{"taxonomy":"post_tag","embeddable":true,"href":"https:\/\/www.europesays.com\/fr\/wp-json\/wp\/v2\/tags?post=277979"}],"curies":[{"name":"wp","href":"https:\/\/api.w.org\/{rel}","templated":true}]}}