{"id":277986,"date":"2025-07-27T19:12:22","date_gmt":"2025-07-27T19:12:22","guid":{"rendered":"https:\/\/www.europesays.com\/fr\/277986\/"},"modified":"2025-07-27T19:12:22","modified_gmt":"2025-07-27T19:12:22","slug":"pres-de-rennes-cette-exposition-imaginee-par-des-residents-dehpad-fait-le-plein-de-visiteurs","status":"publish","type":"post","link":"https:\/\/www.europesays.com\/fr\/277986\/","title":{"rendered":"Pr\u00e8s de Rennes, cette exposition imagin\u00e9e par des r\u00e9sidents d\u2019Ehpad fait le plein de visiteurs"},"content":{"rendered":"<p>Le cabinet des curiosit\u00e9s de la r\u00e9sidence de l\u2019Ille, \u00e0 <a href=\"https:\/\/rennes.maville.com\/bretagne\/ille-et-vilaine\/betton\/\" target=\"_blank\" rel=\"noopener\">Betton<\/a> (<a href=\"https:\/\/www.ouest-france.fr\/bretagne\/ille-et-vilaine\/\" target=\"_blank\" rel=\"noopener\">Ille-et-Vilaine<\/a>), ouvre ses portes trois\u00a0fois par semaine, en fin d\u2019apr\u00e8s-midi. Le vernissage de cette exposition mettant en lumi\u00e8re les talents et la cr\u00e9ativit\u00e9 des r\u00e9sidents avait fait le plein.<\/p>\n<p>Depuis, les visiteurs sont r\u00e9guliers\u00a0: familles de r\u00e9sidents, couples\u2026 et m\u00eame la d\u00e9l\u00e9gation polonaise en visite dans la commune pour f\u00eater les 25\u00a0ans du jumelage a fait un d\u00e9tour par l\u2019avenue de Moretonhampstead\u00a0: \u00a0Il y avait plus de cinquante\u00a0personnes dans les couloirs et la salle d\u2019exposition, c\u2019\u00e9tait un peu le bazar\u00a0\u00bb, se rem\u00e9more Fr\u00e9d\u00e9ric Le Cam, responsable de l\u2019\u00e9tablissement.<\/p>\n<p>Des visiteurs nombreux et enchant\u00e9s<\/p>\n<p>Jacqueline et Annick, s\u0153urs, n\u2019ont pas voulu manquer l\u2019animation\u00a0: \u00a0C\u2019est une tr\u00e8s belle exposition. J\u2019\u00e9tais d\u00e9j\u00e0 au vernissage, mais comme ma s\u0153ur \u00e9tait int\u00e9ress\u00e9e, j\u2019en profite pour l\u2019accompagner et la revoir\u00a0\u00bb, indique Jacqueline.<\/p>\n<p>Lire aussi\u00a0: <a href=\"https:\/\/rennes.maville.com\/actu\/actudet_-betton.-un-cabinet-des-curiosites-a-la-residence-de-l-ille-_7-6857280_actu.Htm\" target=\"_blank\" rel=\"noopener\">Un cabinet des curiosit\u00e9s \u00e0 la R\u00e9sidence de l\u2019Ille<\/a><\/p>\n<p>Laurence, aide-soignante \u00e0 la retraite, n\u2019a pas voulu manquer l\u2019occasion de revenir voir le cabinet des curiosit\u00e9s, ses coll\u00e8gues et les r\u00e9sidents, parmi lesquels\u00a0: Myriam, qui adore se faire prendre en photo. \u00a0Cela fait quinze\u00a0mois que je suis \u00e0 la retraite, j\u2019en profite pour venir les narguer un peu et venir d\u00e9couvrir l\u2019exposition\u00a0: elle est magnifique, les r\u00e9sidents ont fait un super travail, mes anciens coll\u00e8gues travaillent tr\u00e8s bien.\u00a0<\/p>\n<p>Et maintenant\u00a0?<\/p>\n<p>L\u2019exposition va \u00eatre prolong\u00e9e jusqu\u2019\u00e0 fin septembre\u00a02025 au sein de l\u2019Ehpad\u00a0: \u00a0Elle va rejoindre la galerie de l\u2019Illet durant la semaine bleue, d\u00e9but octobre, afin d\u2019en faire profiter l\u2019assembl\u00e9e lors du repas des a\u00een\u00e9s\u00a0\u00bb, annonce Fr\u00e9d\u00e9ric Le Cam.<\/p>\n<p>Ensuite, certains objets seront redistribu\u00e9s aux r\u00e9sidents, d\u2019autres resteront expos\u00e9s \u00e0 la r\u00e9sidence, dans les couloirs\u00a0: \u00a0Et apr\u00e8s, on passera \u00e0 autre chose. Je ne sais pas encore de quelle fa\u00e7on, mais ils aiment bricoler\u00a0\u00bb, pr\u00e9cise Floriane Danielo, animatrice \u00e0 l\u2019origine du cabinet des curiosit\u00e9s, avec l\u2019artiste Dominique Jousset.<\/p>\n<p>\u00a0C\u2019est tr\u00e8s int\u00e9ressant car des gens d\u00e9couvrent le lieu, cela nous permet d\u2019\u00e9changer sur notre r\u00f4le et nos activit\u00e9s\u00a0\u00bb.<\/p>\n<p><strong>Cabinet des curiosit\u00e9s\u00a0:<\/strong> l\u2019exposition est ouverte le lundi, mardi et jeudi, jusqu\u2019au 30\u00a0septembre, de 16\u00a0h \u00e0 17\u00a0h\u00a030, \u00e0 la r\u00e9sidence de l\u2019Ille, avenue de Moretonhampstead.<\/p>\n<p>\u00a0<\/p>\n","protected":false},"excerpt":{"rendered":"Le cabinet des curiosit\u00e9s de la r\u00e9sidence de l\u2019Ille, \u00e0 Betton (Ille-et-Vilaine), ouvre ses portes trois\u00a0fois par semaine,&hellip;\n","protected":false},"author":2,"featured_media":277987,"comment_status":"","ping_status":"","sticky":false,"template":"","format":"standard","meta":{"footnotes":""},"categories":[2821],"tags":[1111,11,829,12216,1777,674,3293,21,1011,27,30149,12,3762,584,25,4153,11046],"class_list":{"0":"post-277986","1":"post","2":"type-post","3":"status-publish","4":"format-standard","5":"has-post-thumbnail","7":"category-rennes","8":"tag-actu","9":"tag-actualites","10":"tag-bretagne","11":"tag-ehpad","12":"tag-eu","13":"tag-europe","14":"tag-exposition","15":"tag-fait","16":"tag-fr","17":"tag-france","18":"tag-imaginee","19":"tag-news","20":"tag-pres","21":"tag-rennes","22":"tag-republique-francaise","23":"tag-residents","24":"tag-visiteurs"},"share_on_mastodon":{"url":"https:\/\/pubeurope.com\/@fr\/114926789818931458","error":""},"_links":{"self":[{"href":"https:\/\/www.europesays.com\/fr\/wp-json\/wp\/v2\/posts\/277986","targetHints":{"allow":["GET"]}}],"collection":[{"href":"https:\/\/www.europesays.com\/fr\/wp-json\/wp\/v2\/posts"}],"about":[{"href":"https:\/\/www.europesays.com\/fr\/wp-json\/wp\/v2\/types\/post"}],"author":[{"embeddable":true,"href":"https:\/\/www.europesays.com\/fr\/wp-json\/wp\/v2\/users\/2"}],"replies":[{"embeddable":true,"href":"https:\/\/www.europesays.com\/fr\/wp-json\/wp\/v2\/comments?post=277986"}],"version-history":[{"count":0,"href":"https:\/\/www.europesays.com\/fr\/wp-json\/wp\/v2\/posts\/277986\/revisions"}],"wp:featuredmedia":[{"embeddable":true,"href":"https:\/\/www.europesays.com\/fr\/wp-json\/wp\/v2\/media\/277987"}],"wp:attachment":[{"href":"https:\/\/www.europesays.com\/fr\/wp-json\/wp\/v2\/media?parent=277986"}],"wp:term":[{"taxonomy":"category","embeddable":true,"href":"https:\/\/www.europesays.com\/fr\/wp-json\/wp\/v2\/categories?post=277986"},{"taxonomy":"post_tag","embeddable":true,"href":"https:\/\/www.europesays.com\/fr\/wp-json\/wp\/v2\/tags?post=277986"}],"curies":[{"name":"wp","href":"https:\/\/api.w.org\/{rel}","templated":true}]}}