{"id":277988,"date":"2025-07-27T19:13:09","date_gmt":"2025-07-27T19:13:09","guid":{"rendered":"https:\/\/www.europesays.com\/fr\/277988\/"},"modified":"2025-07-27T19:13:09","modified_gmt":"2025-07-27T19:13:09","slug":"il-siphonnait-les-reservoirs-des-camions-dune-entreprise-de-transport-un-homme-interpelle-pres-de-rennes","status":"publish","type":"post","link":"https:\/\/www.europesays.com\/fr\/277988\/","title":{"rendered":"Il siphonnait les r\u00e9servoirs des camions d\u2019une entreprise de transport\u00a0: un homme interpell\u00e9 pr\u00e8s de Rennes"},"content":{"rendered":"<p>Ce sont les agents s\u00e9curit\u00e9 de l\u2019entreprise de transport, situ\u00e9e rue Jacqueline Auriol pr\u00e8s de l\u2019a\u00e9roport, qui ont donn\u00e9 l\u2019alerte vers minuit. Ce sont les policiers de la BAC qui sont alors intervenus sur place. \u00c0 leur arriv\u00e9e, ils ont pris le voleur la main dans le sac. L\u2019homme, \u00e2g\u00e9 de 20 ans, faisant partie des gens de la communaut\u00e9 du voyage, avait d\u00e9j\u00e0 siphonn\u00e9 60 litres de carburants dans les r\u00e9servoirs des camions stationn\u00e9s dans l\u2019enceinte de la soci\u00e9t\u00e9 de transport. Les policiers l\u2019ont interpell\u00e9 alors qu\u2019il chargeait son butin dans une camionnette. Le jeune homme plac\u00e9 en garde \u00e0 vue a \u00e9t\u00e9 remis en libert\u00e9 ce dimanche. Il devrait \u00eatre convoqu\u00e9 ult\u00e9rieurement pour r\u00e9pondre de ses actes devant la justice.<\/p>\n","protected":false},"excerpt":{"rendered":"Ce sont les agents s\u00e9curit\u00e9 de l\u2019entreprise de transport, situ\u00e9e rue Jacqueline Auriol pr\u00e8s de l\u2019a\u00e9roport, qui ont&hellip;\n","protected":false},"author":2,"featured_media":277989,"comment_status":"","ping_status":"","sticky":false,"template":"","format":"standard","meta":{"footnotes":""},"categories":[2821],"tags":[1111,11,829,765,1777,674,118,1011,27,848,12,584,25,18461],"class_list":{"0":"post-277988","1":"post","2":"type-post","3":"status-publish","4":"format-standard","5":"has-post-thumbnail","7":"category-rennes","8":"tag-actu","9":"tag-actualites","10":"tag-bretagne","11":"tag-en-continu","12":"tag-eu","13":"tag-europe","14":"tag-faits-divers","15":"tag-fr","16":"tag-france","17":"tag-ille-et-vilaine","18":"tag-news","19":"tag-rennes","20":"tag-republique-francaise","21":"tag-saint-jacques-de-la-lande"},"share_on_mastodon":{"url":"https:\/\/pubeurope.com\/@fr\/114926793751605315","error":""},"_links":{"self":[{"href":"https:\/\/www.europesays.com\/fr\/wp-json\/wp\/v2\/posts\/277988","targetHints":{"allow":["GET"]}}],"collection":[{"href":"https:\/\/www.europesays.com\/fr\/wp-json\/wp\/v2\/posts"}],"about":[{"href":"https:\/\/www.europesays.com\/fr\/wp-json\/wp\/v2\/types\/post"}],"author":[{"embeddable":true,"href":"https:\/\/www.europesays.com\/fr\/wp-json\/wp\/v2\/users\/2"}],"replies":[{"embeddable":true,"href":"https:\/\/www.europesays.com\/fr\/wp-json\/wp\/v2\/comments?post=277988"}],"version-history":[{"count":0,"href":"https:\/\/www.europesays.com\/fr\/wp-json\/wp\/v2\/posts\/277988\/revisions"}],"wp:featuredmedia":[{"embeddable":true,"href":"https:\/\/www.europesays.com\/fr\/wp-json\/wp\/v2\/media\/277989"}],"wp:attachment":[{"href":"https:\/\/www.europesays.com\/fr\/wp-json\/wp\/v2\/media?parent=277988"}],"wp:term":[{"taxonomy":"category","embeddable":true,"href":"https:\/\/www.europesays.com\/fr\/wp-json\/wp\/v2\/categories?post=277988"},{"taxonomy":"post_tag","embeddable":true,"href":"https:\/\/www.europesays.com\/fr\/wp-json\/wp\/v2\/tags?post=277988"}],"curies":[{"name":"wp","href":"https:\/\/api.w.org\/{rel}","templated":true}]}}