{"id":277994,"date":"2025-07-27T19:16:11","date_gmt":"2025-07-27T19:16:11","guid":{"rendered":"https:\/\/www.europesays.com\/fr\/277994\/"},"modified":"2025-07-27T19:16:11","modified_gmt":"2025-07-27T19:16:11","slug":"a-cagnes-sur-mer-la-mairie-et-des-associations-offrent-un-fauteuil-roulant-a-souleyman-age-de-onze-ans","status":"publish","type":"post","link":"https:\/\/www.europesays.com\/fr\/277994\/","title":{"rendered":"\u00c0 Cagnes-sur-Mer, la mairie et des associations offrent un fauteuil roulant \u00e0 Souleyman, \u00e2g\u00e9 de onze ans"},"content":{"rendered":"<p>\u00ab\u00a0Un jour, il n\u2019a plus pu monter l\u2019escalier sans tomber\u00a0\u00bb, se souvient son papa. Le verdict est sans appel: Souleyman souffre de myopathie de Duchenne, maladie d\u00e9g\u00e9n\u00e9rative progressive des muscles.<\/p>\n<p>Pour le jeune Cagnois et ses proches, c\u2019est un coup au moral, mais \u00e9galement au porte-monnaie. Habitation sp\u00e9cifique, assistance humaine, v\u00e9hicule adapt\u00e9, la liste des d\u00e9penses s\u2019allonge de jour en jour. Mais le jeune gar\u00e7on est scolaris\u00e9 \u00e0 Cagnes-sur-Mer et compte bien poursuivre son cursus.<\/p>\n<p>\u00ab\u00a0Hors de question qu\u2019il se coupe du monde \u00e0 cause de la myopathie, c\u2019est un enfant avant tout\u00a0\u00bb, r\u00e9p\u00e8te son p\u00e8re. Mais pour cela, Souleyman a besoin d\u2019un fauteuil, pas simplement roulant, mais \u00e9l\u00e9vateur qui lui permet de se redresser quand il le souhaite.<\/p>\n<p>Solidement attach\u00e9, un corset le tient au si\u00e8ge, fix\u00e9 sur un petit v\u00e9hicule \u00e9lectrique au dossier inclinable.<\/p>\n<p>\u00a0\u00bb Se lever r\u00e9guli\u00e8rement pr\u00e9serve une forme de motricit\u00e9 malgr\u00e9 cette maladie incurable, car plus les jours passent, moins il a d\u2019\u00e9quilibre \u00ab\u00a0, constate Aur\u00e9lie, r\u00e9f\u00e9rente handicap \u00e0 l\u2019AFM T\u00e9l\u00e9thon, charg\u00e9e de Souleyman.<\/p>\n<p>Ce fauteuil \u00e9volutif est con\u00e7u pour suivre le jeune Cagnois jusqu\u2019\u00e0 ses 20 ans. La structure motoris\u00e9e restera la m\u00eame, seuls les \u00e9l\u00e9ments amovibles comme le corset sont \u00e0 renouveler.<\/p>\n<p>Plus de 43.000 euros<\/p>\n<p>Le fauteuil co\u00fbte plus de 43.000 euros. Hors de port\u00e9e pour la famille. La prise en charge par \u00ab\u00a0la S\u00e9curit\u00e9 sociale est minime, voire inexistante. La mutuelle peut aider, encore faut-il avoir la bonne\u00a0\u00bb, se d\u00e9sole la r\u00e9f\u00e9rente.<\/p>\n<p>Pour soulager Souleyman et ses parents, l\u2019AFM T\u00e9l\u00e9thon a sonn\u00e9 l\u2019alerte voil\u00e0 quelques mois. Le centre communal d\u2019action sociale et la Ville de Cagnes-sur-Mer se sont imm\u00e9diatement mobilis\u00e9s. Relay\u00e9s par des associations comme le Rotary club de Cagnes-Grimaldi qui a rassembl\u00e9 5.000 euros.<\/p>\n<p>Cette mobilisation a permis de financer la totalit\u00e9 de l\u2019\u00e9quipement. Ce qui force l\u2019admiration d\u2019Aur\u00e9lie, la r\u00e9f\u00e9rente de l\u2019AFM T\u00e9l\u00e9thon: \u00ab\u00a0C\u2019est la premi\u00e8re fois qu\u2019une Commune investit autant d\u2019argent pour du mat\u00e9riel PMR [1]: \u00e7a co\u00fbte tr\u00e8s cher et ce n\u2019est souvent pas leur priorit\u00e9. Cagnes-sur-Mer est tr\u00e8s investie dans l\u2019accompagnement et la recherche contre le handicap et la maladie, c\u2019est un grand alli\u00e9.\u00a0\u00bb<\/p>\n<p>(1) PMR : personne \u00e0 mobilit\u00e9 r\u00e9duite.<\/p>\n","protected":false},"excerpt":{"rendered":"\u00ab\u00a0Un jour, il n\u2019a plus pu monter l\u2019escalier sans tomber\u00a0\u00bb, se souvient son papa. Le verdict est sans&hellip;\n","protected":false},"author":2,"featured_media":277995,"comment_status":"","ping_status":"","sticky":false,"template":"","format":"standard","meta":{"footnotes":""},"categories":[2819],"tags":[1111,11,1777,674,1011,27,802,12,2401,882,25,801],"class_list":{"0":"post-277994","1":"post","2":"type-post","3":"status-publish","4":"format-standard","5":"has-post-thumbnail","7":"category-nice","8":"tag-actu","9":"tag-actualites","10":"tag-eu","11":"tag-europe","12":"tag-fr","13":"tag-france","14":"tag-greves-et-mouvements-sociaux","15":"tag-news","16":"tag-nice","17":"tag-provence-alpes-cote-dazur","18":"tag-republique-francaise","19":"tag-social"},"share_on_mastodon":{"url":"https:\/\/pubeurope.com\/@fr\/114926805566981351","error":""},"_links":{"self":[{"href":"https:\/\/www.europesays.com\/fr\/wp-json\/wp\/v2\/posts\/277994","targetHints":{"allow":["GET"]}}],"collection":[{"href":"https:\/\/www.europesays.com\/fr\/wp-json\/wp\/v2\/posts"}],"about":[{"href":"https:\/\/www.europesays.com\/fr\/wp-json\/wp\/v2\/types\/post"}],"author":[{"embeddable":true,"href":"https:\/\/www.europesays.com\/fr\/wp-json\/wp\/v2\/users\/2"}],"replies":[{"embeddable":true,"href":"https:\/\/www.europesays.com\/fr\/wp-json\/wp\/v2\/comments?post=277994"}],"version-history":[{"count":0,"href":"https:\/\/www.europesays.com\/fr\/wp-json\/wp\/v2\/posts\/277994\/revisions"}],"wp:featuredmedia":[{"embeddable":true,"href":"https:\/\/www.europesays.com\/fr\/wp-json\/wp\/v2\/media\/277995"}],"wp:attachment":[{"href":"https:\/\/www.europesays.com\/fr\/wp-json\/wp\/v2\/media?parent=277994"}],"wp:term":[{"taxonomy":"category","embeddable":true,"href":"https:\/\/www.europesays.com\/fr\/wp-json\/wp\/v2\/categories?post=277994"},{"taxonomy":"post_tag","embeddable":true,"href":"https:\/\/www.europesays.com\/fr\/wp-json\/wp\/v2\/tags?post=277994"}],"curies":[{"name":"wp","href":"https:\/\/api.w.org\/{rel}","templated":true}]}}