{"id":278000,"date":"2025-07-27T19:19:11","date_gmt":"2025-07-27T19:19:11","guid":{"rendered":"https:\/\/www.europesays.com\/fr\/278000\/"},"modified":"2025-07-27T19:19:11","modified_gmt":"2025-07-27T19:19:11","slug":"fc-nantes-mercato-les-kita-ont-tranche-sur-le-nombre-de-renforts-attendus","status":"publish","type":"post","link":"https:\/\/www.europesays.com\/fr\/278000\/","title":{"rendered":"FC Nantes Mercato : les Kita ont tranch\u00e9 sur le nombre de renforts attendus"},"content":{"rendered":"<p><strong>Avec d\u00e9j\u00e0 cinq recrues officialis\u00e9es (Awaziem, Kwon, Radakovi\u0107, El-Arabi et Mirbach), le FC Nantes est encore loin d\u2019avoir termin\u00e9 son mercato.<\/strong><\/p>\n<p>Le FC Nantes traverse un profond remaniement cet \u00e9t\u00e9. En effet, de nombreux joueurs ont quitt\u00e9 le club depuis le d\u00e9but du mercato : Simon, Augusto, Castelletto, Chirivella, Kadewere, Pallois, Lafont, Mollet, Coco, Sow, Elia, ou encore Thomas.<\/p>\n<p>De plus, <a href=\"https:\/\/www.butfootballclub.fr\/ligue-1\/fc-nantes\/fc-nantes-mercato-comment-neom-a-double-villarreal-pour-nathan-zeze\/\" rel=\"noreferrer noopener nofollow\" target=\"_blank\">la vente tr\u00e8s attendue de Nathan Z\u00e9z\u00e9 \u00e0 Neom<\/a> devrait prochainement \u00eatre officialis\u00e9e, portant \u00e0 40 millions d\u2019euros les recettes du club sur ce mercato \u2013 un chiffre historique pour les Canaris. En parall\u00e8le, ces d\u00e9parts massifs vont permettre au club de consid\u00e9rablement all\u00e9ger sa masse salariale.<\/p>\n<p>Trois \u00e0 quatre recrues attendues<\/p>\n<p>Mais le d\u00e9graissage n\u2019est pas termin\u00e9. Selon <a href=\"https:\/\/www.ouest-france.fr\/sport\/football\/fc-nantes\/pour-le-fc-nantes-une-vente-historique-un-mercato-hysterique-et-ce-nest-pas-fini-bfbe13bc-6a0f-11f0-b16b-d94f68dc0538\" rel=\"noreferrer noopener nofollow\" target=\"_blank\">Ouest-France<\/a>, Jean-K\u00e9vin Duverne, Fabien Centonze et Mostafa Mohamed sont \u00e9galement sur le d\u00e9part, ce dernier \u00e9tant courtis\u00e9 par le Panathina\u00efkos, Nice, et potentiellement dans le Golfe. Matthis Abline suscite aussi l\u2019int\u00e9r\u00eat de plusieurs clubs, notamment l\u2019OM, le Paris FC, mais aussi Sunderland, qui a formul\u00e9 une offre de 20\u00a0millions d\u2019euros, rejet\u00e9e par Nantes. Le club ne compte le c\u00e9der qu\u2019en cas d\u2019offre exceptionnelle.<\/p>\n<p>C\u00f4t\u00e9 arriv\u00e9es, trois ou quatre autres renforts sont attendus. Le milieu offensif sud-cor\u00e9en Hong Hyun-seok (Mayence) est proche de signer, tandis que les recruteurs ciblent aussi des ailiers et un d\u00e9fenseur polyvalent. Si Mohamed s\u2019en va, un nouvel attaquant axial sera recrut\u00e9. Le remplacement de Z\u00e9z\u00e9 en d\u00e9fense centrale est \u00e9galement \u00e0 l\u2019\u00e9tude.<\/p>\n","protected":false},"excerpt":{"rendered":"Avec d\u00e9j\u00e0 cinq recrues officialis\u00e9es (Awaziem, Kwon, Radakovi\u0107, El-Arabi et Mirbach), le FC Nantes est encore loin d\u2019avoir&hellip;\n","protected":false},"author":2,"featured_media":278001,"comment_status":"","ping_status":"","sticky":false,"template":"","format":"standard","meta":{"footnotes":""},"categories":[2818],"tags":[1111,11,448,1777,674,63,1011,27,66,3388,766,12,2636,25,10662],"class_list":{"0":"post-278000","1":"post","2":"type-post","3":"status-publish","4":"format-standard","5":"has-post-thumbnail","7":"category-nantes","8":"tag-actu","9":"tag-actualites","10":"tag-champions-league","11":"tag-eu","12":"tag-europe","13":"tag-football","14":"tag-fr","15":"tag-france","16":"tag-ligue-1","17":"tag-matchs","18":"tag-nantes","19":"tag-news","20":"tag-pays-de-la-loire","21":"tag-republique-francaise","22":"tag-transferts"},"share_on_mastodon":{"url":"https:\/\/pubeurope.com\/@fr\/114926817376997094","error":""},"_links":{"self":[{"href":"https:\/\/www.europesays.com\/fr\/wp-json\/wp\/v2\/posts\/278000","targetHints":{"allow":["GET"]}}],"collection":[{"href":"https:\/\/www.europesays.com\/fr\/wp-json\/wp\/v2\/posts"}],"about":[{"href":"https:\/\/www.europesays.com\/fr\/wp-json\/wp\/v2\/types\/post"}],"author":[{"embeddable":true,"href":"https:\/\/www.europesays.com\/fr\/wp-json\/wp\/v2\/users\/2"}],"replies":[{"embeddable":true,"href":"https:\/\/www.europesays.com\/fr\/wp-json\/wp\/v2\/comments?post=278000"}],"version-history":[{"count":0,"href":"https:\/\/www.europesays.com\/fr\/wp-json\/wp\/v2\/posts\/278000\/revisions"}],"wp:featuredmedia":[{"embeddable":true,"href":"https:\/\/www.europesays.com\/fr\/wp-json\/wp\/v2\/media\/278001"}],"wp:attachment":[{"href":"https:\/\/www.europesays.com\/fr\/wp-json\/wp\/v2\/media?parent=278000"}],"wp:term":[{"taxonomy":"category","embeddable":true,"href":"https:\/\/www.europesays.com\/fr\/wp-json\/wp\/v2\/categories?post=278000"},{"taxonomy":"post_tag","embeddable":true,"href":"https:\/\/www.europesays.com\/fr\/wp-json\/wp\/v2\/tags?post=278000"}],"curies":[{"name":"wp","href":"https:\/\/api.w.org\/{rel}","templated":true}]}}