{"id":278009,"date":"2025-07-27T19:25:11","date_gmt":"2025-07-27T19:25:11","guid":{"rendered":"https:\/\/www.europesays.com\/fr\/278009\/"},"modified":"2025-07-27T19:25:11","modified_gmt":"2025-07-27T19:25:11","slug":"le-psg-a-sa-1ere-offre-a-lille-pour-chevalier","status":"publish","type":"post","link":"https:\/\/www.europesays.com\/fr\/278009\/","title":{"rendered":"Le PSG \u00e0 sa 1ere offre \u00e0 Lille pour Chevalier"},"content":{"rendered":"<p><strong>Lucas Chevalier, gardien de 23 ans de Lille (contrat jusqu\u2019en 2027) et de l\u2019Equipe de France, est annonc\u00e9 comme proche du Paris Saint-Germain dans ce mercato afin de remplacer Gianluigi Donnarumma (26 ans, contrat jusqu\u2019en 2026 et prolongation bloqu\u00e9e). L\u2019Equipe affirme ce dimanche soir que le PSG a fait une premi\u00e8re proposition concr\u00e8te au LOSC.<\/strong><\/p>\n<blockquote>\n<p>\u00ab\u00a0Apr\u00e8s avoir trouv\u00e9 un accord avec le gardien autour d\u2019un contrat de cinq ans, le PSG a envoy\u00e9 une offre \u00e0 Lille d\u2019un montant estim\u00e9 \u00e0 moins de 40 M\u20ac. Cette premi\u00e8re proposition va \u00eatre refus\u00e9e par le LOSC, qui attend au moins 40 M\u20ac et souhaite avoir trouv\u00e9 un rempla\u00e7ant avant de laisser partir Chevalier. La priorit\u00e9 lilloise se nomme Anton\u00edn Kinsk\u00fd. Un pr\u00eat est en cours de n\u00e9gociation avec Tottenham.\u00a0\u00bb<\/p>\n<\/blockquote>\n<p>On reste prudent, il n\u2019y a toujours rien d\u2019officiel. La rumeur continue sans une confirmation. Ce qui laisse de la place \u00e0 un nouveau rebondissement. Mais tous les m\u00e9dias vont dans le m\u00eame sens, c\u2019est possiblement car il y a vraiment quelque chose de lanc\u00e9.<\/p>\n<p>Cette offre, m\u00eame si elle risque d\u2019\u00eatre refus\u00e9e, est une fa\u00e7on de lancer la n\u00e9gociation concr\u00e8tement. Il faut tout de m\u00eame qu\u2019elle soit \u00ab\u00a0s\u00e9rieuse\u00a0\u00bb par rapport au prix lillois. Cela devrait vite s\u2019\u00e9claircir, avec un accord, un blocage ou un d\u00e9menti net.<\/p>\n<p>\t\t\t\t\t\t\t\t\t\t\t\t\t\t\t\t\t\t\t\t\t\t\t<img loading=\"lazy\" src=\"https:\/\/www.europesays.com\/fr\/wp-content\/uploads\/2025\/04\/ParisFans_Logo.png\" decoding=\"async\" class=\"lazyload\" width=\"240\" height=\"54\" data-eio-rwidth=\"240\" data-eio-rheight=\"54\"\/><\/p>\n","protected":false},"excerpt":{"rendered":"Lucas Chevalier, gardien de 23 ans de Lille (contrat jusqu\u2019en 2027) et de l\u2019Equipe de France, est annonc\u00e9&hellip;\n","protected":false},"author":2,"featured_media":278010,"comment_status":"","ping_status":"","sticky":false,"template":"","format":"standard","meta":{"footnotes":""},"categories":[2815],"tags":[1111,11,1777,674,1011,27,811,1307,4668,12,25,96],"class_list":{"0":"post-278009","1":"post","2":"type-post","3":"status-publish","4":"format-standard","5":"has-post-thumbnail","7":"category-lille","8":"tag-actu","9":"tag-actualites","10":"tag-eu","11":"tag-europe","12":"tag-fr","13":"tag-france","14":"tag-hauts-de-france","15":"tag-lille","16":"tag-lucas-chevalier","17":"tag-news","18":"tag-republique-francaise","19":"tag-une"},"share_on_mastodon":{"url":"https:\/\/pubeurope.com\/@fr\/114926841146903731","error":""},"_links":{"self":[{"href":"https:\/\/www.europesays.com\/fr\/wp-json\/wp\/v2\/posts\/278009","targetHints":{"allow":["GET"]}}],"collection":[{"href":"https:\/\/www.europesays.com\/fr\/wp-json\/wp\/v2\/posts"}],"about":[{"href":"https:\/\/www.europesays.com\/fr\/wp-json\/wp\/v2\/types\/post"}],"author":[{"embeddable":true,"href":"https:\/\/www.europesays.com\/fr\/wp-json\/wp\/v2\/users\/2"}],"replies":[{"embeddable":true,"href":"https:\/\/www.europesays.com\/fr\/wp-json\/wp\/v2\/comments?post=278009"}],"version-history":[{"count":0,"href":"https:\/\/www.europesays.com\/fr\/wp-json\/wp\/v2\/posts\/278009\/revisions"}],"wp:featuredmedia":[{"embeddable":true,"href":"https:\/\/www.europesays.com\/fr\/wp-json\/wp\/v2\/media\/278010"}],"wp:attachment":[{"href":"https:\/\/www.europesays.com\/fr\/wp-json\/wp\/v2\/media?parent=278009"}],"wp:term":[{"taxonomy":"category","embeddable":true,"href":"https:\/\/www.europesays.com\/fr\/wp-json\/wp\/v2\/categories?post=278009"},{"taxonomy":"post_tag","embeddable":true,"href":"https:\/\/www.europesays.com\/fr\/wp-json\/wp\/v2\/tags?post=278009"}],"curies":[{"name":"wp","href":"https:\/\/api.w.org\/{rel}","templated":true}]}}