{"id":27801,"date":"2025-04-15T22:59:12","date_gmt":"2025-04-15T22:59:12","guid":{"rendered":"https:\/\/www.europesays.com\/fr\/27801\/"},"modified":"2025-04-15T22:59:12","modified_gmt":"2025-04-15T22:59:12","slug":"ils-avaient-harcele-leur-collegue-malentendant","status":"publish","type":"post","link":"https:\/\/www.europesays.com\/fr\/27801\/","title":{"rendered":"Ils avaient harcel\u00e9 leur coll\u00e8gue malentendant"},"content":{"rendered":"<p>Tous deux pr\u00e9sentent un casier judiciaire vierge d\u2019ant\u00e9c\u00e9dents. Le premier est un p\u00e8re de famille de 27\u00a0ans. Il travaille depuis deux en tant qu\u2019ambulancier. \u00a0Sur le moment je trouvais \u00e7a dr\u00f4le, mais avec le recul je me rends compte que \u00e7a ne l\u2019\u00e9tait plus\u00a0\u00bb, d\u00e9clare-t-il, \u00e0 la barre du tribunal de Nantes, ce lundi 14\u00a0avril. Le second pr\u00e9venu, v\u00eatu d\u2019un short et baskets aux pieds, a 24\u00a0ans. Lui aussi tente de faire profil bas. Il travaille toujours au sein de l\u2019entreprise de Saint-Vincent-des-Landes (Loire-Atlantique), o\u00f9 se sont d\u00e9roul\u00e9s les faits de violences habituelles sur personne vuln\u00e9rable qu\u2019on leur reproche.<\/p>\n<p>\u00ab\u00a0Il a \u00e9t\u00e9 mis plus bas que terre\u00a0\u00bb, affect\u00e9 par les r\u00e9flexions humiliantes<\/p>\n<p>Les faits remontent \u00e0 2022. La victime est un ancien coll\u00e8gue. Un homme de 35\u00a0ans, malentendant. Entre janvier et mai de cette ann\u00e9e-l\u00e0, il a \u00e9t\u00e9 \u00a0mis plus bas que terre\u00a0\u00bb, selon Claude Vincent, l\u2019avocate qui d\u00e9fend ses int\u00e9r\u00eats et ceux de la m\u00e8re, qui s\u2019est \u00e9galement constitu\u00e9e partie civile.<\/p>\n<p>En l\u2019absence de son fils \u00e0 l\u2019audience, la m\u00e8re d\u00e9crit les effets d\u00e9l\u00e9t\u00e8res sur la sant\u00e9 du trentenaire, notamment victime de r\u00e9flexions humiliantes et de \u00a0pincements.\u00a0 Une fois, il a m\u00eame \u00e9t\u00e9 enferm\u00e9 bri\u00e8vement dans un coffre. Les poursuites pour s\u00e9questration ne sont cependant pas retenues par les juges, ni demand\u00e9es par la procureure. Cette derni\u00e8re a requis une peine commune de huit\u00a0mois de prison avec sursis.<\/p>\n<p>\u00ab\u00a0C\u2019\u00e9taient des blagues d\u2019atelier\u00a0\u00bb argumentent les deux pr\u00e9venus<\/p>\n<p>\u00a0C\u2019\u00e9tait un coll\u00e8gue avec qui on s\u2019entendait bien. J\u2019ai pu l\u2019engueuler mais \u00e7a n\u2019allait pas plus loin\u00a0 temp\u00e8re, en r\u00e9ponse le pr\u00e9venu de 27\u00a0ans. \u00a0Il nous faisait la m\u00eame chose, c\u2019\u00e9taient des blagues d\u2019atelier\u00a0\u00bb, ajoute celui de 24\u00a0ans, qui avait photographi\u00e9 la victime, endormie en f\u00e2cheuse posture entre des pneus de voiture.<\/p>\n<p>Le tribunal a finalement requalifi\u00e9 les violences en harc\u00e8lement sur personne vuln\u00e9rable. Les deux hommes sont condamn\u00e9s \u00e0 trois mois de prison avec sursis, ils devront verser 1\u00a0000\u00a0\u20ac de pr\u00e9judice moral et 1\u00a0000\u00a0\u20ac pour les frais d\u2019avocat.<\/p>\n<p>\u00a0<\/p>\n","protected":false},"excerpt":{"rendered":"Tous deux pr\u00e9sentent un casier judiciaire vierge d\u2019ant\u00e9c\u00e9dents. Le premier est un p\u00e8re de famille de 27\u00a0ans. Il&hellip;\n","protected":false},"author":2,"featured_media":27802,"comment_status":"","ping_status":"","sticky":false,"template":"","format":"standard","meta":{"footnotes":""},"categories":[2818],"tags":[1111,11,9780,1777,674,1011,27,9779,9781,766,12,2636,25],"class_list":{"0":"post-27801","1":"post","2":"type-post","3":"status-publish","4":"format-standard","5":"has-post-thumbnail","7":"category-nantes","8":"tag-actu","9":"tag-actualites","10":"tag-collegue","11":"tag-eu","12":"tag-europe","13":"tag-fr","14":"tag-france","15":"tag-harcele","16":"tag-malentendant","17":"tag-nantes","18":"tag-news","19":"tag-pays-de-la-loire","20":"tag-republique-francaise"},"share_on_mastodon":{"url":"https:\/\/pubeurope.com\/@fr\/114344464413385117","error":""},"_links":{"self":[{"href":"https:\/\/www.europesays.com\/fr\/wp-json\/wp\/v2\/posts\/27801","targetHints":{"allow":["GET"]}}],"collection":[{"href":"https:\/\/www.europesays.com\/fr\/wp-json\/wp\/v2\/posts"}],"about":[{"href":"https:\/\/www.europesays.com\/fr\/wp-json\/wp\/v2\/types\/post"}],"author":[{"embeddable":true,"href":"https:\/\/www.europesays.com\/fr\/wp-json\/wp\/v2\/users\/2"}],"replies":[{"embeddable":true,"href":"https:\/\/www.europesays.com\/fr\/wp-json\/wp\/v2\/comments?post=27801"}],"version-history":[{"count":0,"href":"https:\/\/www.europesays.com\/fr\/wp-json\/wp\/v2\/posts\/27801\/revisions"}],"wp:featuredmedia":[{"embeddable":true,"href":"https:\/\/www.europesays.com\/fr\/wp-json\/wp\/v2\/media\/27802"}],"wp:attachment":[{"href":"https:\/\/www.europesays.com\/fr\/wp-json\/wp\/v2\/media?parent=27801"}],"wp:term":[{"taxonomy":"category","embeddable":true,"href":"https:\/\/www.europesays.com\/fr\/wp-json\/wp\/v2\/categories?post=27801"},{"taxonomy":"post_tag","embeddable":true,"href":"https:\/\/www.europesays.com\/fr\/wp-json\/wp\/v2\/tags?post=27801"}],"curies":[{"name":"wp","href":"https:\/\/api.w.org\/{rel}","templated":true}]}}