{"id":278028,"date":"2025-07-27T19:36:14","date_gmt":"2025-07-27T19:36:14","guid":{"rendered":"https:\/\/www.europesays.com\/fr\/278028\/"},"modified":"2025-07-27T19:36:14","modified_gmt":"2025-07-27T19:36:14","slug":"trois-passageres-dun-bus-tuees-dans-une-attaque-de-drone-russe-liberation","status":"publish","type":"post","link":"https:\/\/www.europesays.com\/fr\/278028\/","title":{"rendered":"trois passag\u00e8res d\u2019un bus tu\u00e9es dans une attaque de drone russe \u2013 Lib\u00e9ration"},"content":{"rendered":"<p class=\"sc-ksZaOG ehjQrN text-element\">Un drone russe a frapp\u00e9 dimanche un bus civil dans la r\u00e9gion de Soumi, dans le nord-est de l\u2019Ukraine, tuant trois personnes et en blessant plusieurs autres, ont d\u00e9clar\u00e9 les autorit\u00e9s locales. Ces derni\u00e8res semaines, Moscou a lanc\u00e9 <a href=\"https:\/\/www.liberation.fr\/international\/europe\/guerre-en-ukraine-la-russie-intensifie-ses-attaques-20250709_DP2D3BXYONHDBN3HY7G5EJJNFQ\/\" target=\"_blank\" rel=\"noreferrer noopener\" title=\"https:\/\/www.liberation.fr\/international\/europe\/guerre-en-ukraine-la-russie-intensifie-ses-attaques-20250709_DP2D3BXYONHDBN3HY7G5EJJNFQ\/\">un nombre record de drones et de missiles<\/a> sur des villes ukrainiennes, des attaques qui ont tu\u00e9 des dizaines de civils. Le bureau du procureur de la r\u00e9gion pr\u00e9cise que les victimes \u00e9taient toutes des femmes \u00e2g\u00e9es de 66 \u00e0 78 ans.<\/p>\n<p class=\"sc-ksZaOG ehjQrN text-element\">L\u2019Ukraine a \u00e9galement intensifi\u00e9 ses frappes de repr\u00e9sailles en Russie. Dans la r\u00e9gion de Saint-P\u00e9tersbourg, dans le nord-ouest de la Russie, \u00abun homme est mort dans un incendie caus\u00e9 par des d\u00e9bris d\u2019un drone\u00bb, a annonc\u00e9 le gouverneur de la r\u00e9gion, Aleksandr Drozdenko, sur Telegram, ajoutant que trois autres personnes avaient \u00e9t\u00e9 bless\u00e9es.<\/p>\n<p class=\"sc-ksZaOG ehjQrN text-element\">Le pr\u00e9sident ukrainien, Volodymyr Zelensky, a r\u00e9cemment insist\u00e9 pour rencontrer Vladimir Poutine afin de mettre fin \u00e0 la guerre, Kyiv proposant <a href=\"https:\/\/www.liberation.fr\/international\/europe\/negociations-russie-ukraine-un-troisieme-round-et-de-faibles-espoirs-20250722_5I7PBP7DOJEI5D5BVBHE5EYDE4\/\" target=\"_blank\" rel=\"noreferrer noopener\" title=\"https:\/\/www.liberation.fr\/international\/europe\/negociations-russie-ukraine-un-troisieme-round-et-de-faibles-espoirs-20250722_5I7PBP7DOJEI5D5BVBHE5EYDE4\/\">des pourparlers<\/a> d\u2019ici la fin du mois d\u2019ao\u00fbt. Mais jeudi, le Kremlin a minimis\u00e9 la probabilit\u00e9 d\u2019une telle rencontre dans un avenir proche.<\/p>\n<p class=\"sc-ksZaOG ehjQrN text-element\">Les deux parties ont des positions radicalement diff\u00e9rentes \u00e0 la table des n\u00e9gociations, et l\u2019Ukraine a accus\u00e9 la Russie de n\u2019envoyer que des fonctionnaires de bas niveau sans pouvoir d\u00e9cisionnel. La Russie a appel\u00e9 l\u2019Ukraine \u00e0 c\u00e9der effectivement quatre r\u00e9gions que Moscou pr\u00e9tend avoir annex\u00e9es, une demande que Kyiv juge inacceptable. L\u2019Ukraine, quant \u00e0 elle, supplie ses soutiens occidentaux de lui envoyer davantage d\u2019armes pour que ses troupes puissent r\u00e9sister aux attaques quotidiennes de la Russie.<\/p>\n","protected":false},"excerpt":{"rendered":"Un drone russe a frapp\u00e9 dimanche un bus civil dans la r\u00e9gion de Soumi, dans le nord-est de&hellip;\n","protected":false},"author":2,"featured_media":278029,"comment_status":"","ping_status":"","sticky":false,"template":"","format":"standard","meta":{"footnotes":""},"categories":[1591],"tags":[11,1887,12,1885,1886,132,220,297,135,134],"class_list":{"0":"post-278028","1":"post","2":"type-post","3":"status-publish","4":"format-standard","5":"has-post-thumbnail","7":"category-russie","8":"tag-actualites","9":"tag-federation-de-russie","10":"tag-news","11":"tag-russia","12":"tag-russian-federation","13":"tag-russie","14":"tag-ukraine","15":"tag-ukraine-la-crise","16":"tag-vladimir-poutine","17":"tag-volodymyr-zelensky"},"share_on_mastodon":{"url":"https:\/\/pubeurope.com\/@fr\/114926884189603792","error":""},"_links":{"self":[{"href":"https:\/\/www.europesays.com\/fr\/wp-json\/wp\/v2\/posts\/278028","targetHints":{"allow":["GET"]}}],"collection":[{"href":"https:\/\/www.europesays.com\/fr\/wp-json\/wp\/v2\/posts"}],"about":[{"href":"https:\/\/www.europesays.com\/fr\/wp-json\/wp\/v2\/types\/post"}],"author":[{"embeddable":true,"href":"https:\/\/www.europesays.com\/fr\/wp-json\/wp\/v2\/users\/2"}],"replies":[{"embeddable":true,"href":"https:\/\/www.europesays.com\/fr\/wp-json\/wp\/v2\/comments?post=278028"}],"version-history":[{"count":0,"href":"https:\/\/www.europesays.com\/fr\/wp-json\/wp\/v2\/posts\/278028\/revisions"}],"wp:featuredmedia":[{"embeddable":true,"href":"https:\/\/www.europesays.com\/fr\/wp-json\/wp\/v2\/media\/278029"}],"wp:attachment":[{"href":"https:\/\/www.europesays.com\/fr\/wp-json\/wp\/v2\/media?parent=278028"}],"wp:term":[{"taxonomy":"category","embeddable":true,"href":"https:\/\/www.europesays.com\/fr\/wp-json\/wp\/v2\/categories?post=278028"},{"taxonomy":"post_tag","embeddable":true,"href":"https:\/\/www.europesays.com\/fr\/wp-json\/wp\/v2\/tags?post=278028"}],"curies":[{"name":"wp","href":"https:\/\/api.w.org\/{rel}","templated":true}]}}