{"id":278032,"date":"2025-07-27T19:38:10","date_gmt":"2025-07-27T19:38:10","guid":{"rendered":"https:\/\/www.europesays.com\/fr\/278032\/"},"modified":"2025-07-27T19:38:10","modified_gmt":"2025-07-27T19:38:10","slug":"donald-trump-affirme-que-les-europeens-vont-acheter-750-milliards-de-dollars-denergie","status":"publish","type":"post","link":"https:\/\/www.europesays.com\/fr\/278032\/","title":{"rendered":"Donald Trump affirme que les Europ\u00e9ens vont \u00ab\u00a0acheter 750 milliards de dollars d&rsquo;\u00e9nergie\u00a0\u00bb"},"content":{"rendered":"<p>\u00ab\u00a0Une tr\u00e8s bonne d\u00e9cision.\u00a0\u00bb Donald Trump et Ursula von der Leyen <a href=\"https:\/\/www.franceinfo.fr\/monde\/usa\/droits-de-douane\/droits-de-douane-les-etats-unis-et-l-union-europeenne-ont-conclu-un-accord-commercial-annoncent-donald-trump-et-ursula-von-der-leyen_7402498.html\" rel=\"nofollow noopener\" target=\"_blank\">ont \u00ab\u00a0conclu un accord\u00a0\u00bb commercial<\/a>, dimanche 27 juillet, ont annonc\u00e9 le pr\u00e9sident am\u00e9ricain et la pr\u00e9sidente de la Commission europ\u00e9enne devant les journalistes. Dans le cadre de cet accord, Donald Trump a annonc\u00e9 des investissements massifs de l&rsquo;UE aux Etats-Unis : \u00ab\u00a0L&rsquo;Union europ\u00e9enne va accepter d&rsquo;acheter aux Etats-Unis pour 750 milliards de dollars d&rsquo;\u00e9nergie. Ils vont accepter d&rsquo;investir aux Etats-Unis 600 milliards de dollars de plus que ce qu&rsquo;ils investissent d\u00e9j\u00e0.\u00a0\u00bb Suivez notre direct.<\/p>\n<p class=\"c-body__bullet\"> <strong>Des surtaxes douani\u00e8res de 15% entre les deux puissances.<\/strong> \u00ab\u00a0Ce sont des droits de douane g\u00e9n\u00e9raux de 15%\u00a0\u00bb, a pr\u00e9cis\u00e9 Ursula von der Leyen, qui a parl\u00e9 d&rsquo;un \u00ab\u00a0bon accord\u00a0\u00bb au terme de cette rencontre tr\u00e8s attendue, qui s&rsquo;est tenue en Ecosse. Certaines cat\u00e9gories de biens sont exclues de l&rsquo;accord, comme les produits pharmaceutiques, a pr\u00e9cis\u00e9 Donald Trump. Les Etats-Unis et l&rsquo;Union europ\u00e9enne ont d\u00e9cid\u00e9 de lever tous leurs droits de douane sur certains de leurs produits, dont l&rsquo;a\u00e9ronautique, selon Ursula von der Leyen.<\/p>\n<p class=\"c-body__bullet\"> <strong>Des investissements massifs de l&rsquo;UE aux Etats-Unis, annonce Trump.<\/strong> \u00ab\u00a0L&rsquo;Union europ\u00e9enne va accepter d&rsquo;acheter aux Etats-Unis pour 750 milliards de dollars d&rsquo;\u00e9nergie\u00a0\u00bb, a d\u00e9clar\u00e9 Donald Trump lors du compte-rendu de cet entretien. \u00ab\u00a0Ils vont accepter d&rsquo;investir aux Etats-Unis 600 milliards de dollars de plus que ce qu&rsquo;ils investissent d\u00e9j\u00e0.\u00a0\u00bb<\/p>\n<p class=\"c-body__bullet\"><strong> Plusieurs accords d\u00e9j\u00e0 annonc\u00e9s par Washington, mais sans pr\u00e9cisions.<\/strong> L&rsquo;administration Trump a d\u00e9j\u00e0 annonc\u00e9 avoir conclu des \u00ab\u00a0deals\u00a0\u00bb <a href=\"https:\/\/www.franceinfo.fr\/monde\/usa\/droits-de-douane-donald-trump-annonce-un-accord-total-et-complet-entre-les-etats-unis-et-le-royaume-uni_7235286.html\" rel=\"nofollow noopener\" target=\"_blank\">avec le Royaume-Uni<\/a> et plusieurs pays d&rsquo;Asie, <a href=\"https:\/\/www.franceinfo.fr\/monde\/japon\/donal-trump-annonce-un-accord-commercial-enorme-avec-le-japon-frappe-d-une-surtaxe-douaniere-a-15_7393825.html\" rel=\"nofollow noopener\" target=\"_blank\">dont le Japon<\/a>. De nombreux points de ces accords restent flous\u00a0: le pr\u00e9sident am\u00e9ricain affirme ainsi que Tokyo a pr\u00e9vu \u00ab\u00a0550\u00a0milliards de dollars\u00a0\u00bb d&rsquo;investissements aux Etats-Unis, mais sans en donner le d\u00e9tail, et aucun texte d&rsquo;accord n&rsquo;a \u00e9t\u00e9 publi\u00e9.<\/p>\n","protected":false},"excerpt":{"rendered":"\u00ab\u00a0Une tr\u00e8s bonne d\u00e9cision.\u00a0\u00bb Donald Trump et Ursula von der Leyen ont \u00ab\u00a0conclu un accord\u00a0\u00bb commercial, dimanche 27&hellip;\n","protected":false},"author":2,"featured_media":278033,"comment_status":"","ping_status":"","sticky":false,"template":"","format":"standard","meta":{"footnotes":""},"categories":[1589],"tags":[11,73,1866,12,1864,1865,1863,308],"class_list":{"0":"post-278032","1":"post","2":"type-post","3":"status-publish","4":"format-standard","5":"has-post-thumbnail","7":"category-etats-unis","8":"tag-actualites","9":"tag-etats-unis","10":"tag-etats-unis-damerique","11":"tag-news","12":"tag-united-states","13":"tag-united-states-of-america","14":"tag-us","15":"tag-usa"},"share_on_mastodon":{"url":"https:\/\/pubeurope.com\/@fr\/114926892090718189","error":""},"_links":{"self":[{"href":"https:\/\/www.europesays.com\/fr\/wp-json\/wp\/v2\/posts\/278032","targetHints":{"allow":["GET"]}}],"collection":[{"href":"https:\/\/www.europesays.com\/fr\/wp-json\/wp\/v2\/posts"}],"about":[{"href":"https:\/\/www.europesays.com\/fr\/wp-json\/wp\/v2\/types\/post"}],"author":[{"embeddable":true,"href":"https:\/\/www.europesays.com\/fr\/wp-json\/wp\/v2\/users\/2"}],"replies":[{"embeddable":true,"href":"https:\/\/www.europesays.com\/fr\/wp-json\/wp\/v2\/comments?post=278032"}],"version-history":[{"count":0,"href":"https:\/\/www.europesays.com\/fr\/wp-json\/wp\/v2\/posts\/278032\/revisions"}],"wp:featuredmedia":[{"embeddable":true,"href":"https:\/\/www.europesays.com\/fr\/wp-json\/wp\/v2\/media\/278033"}],"wp:attachment":[{"href":"https:\/\/www.europesays.com\/fr\/wp-json\/wp\/v2\/media?parent=278032"}],"wp:term":[{"taxonomy":"category","embeddable":true,"href":"https:\/\/www.europesays.com\/fr\/wp-json\/wp\/v2\/categories?post=278032"},{"taxonomy":"post_tag","embeddable":true,"href":"https:\/\/www.europesays.com\/fr\/wp-json\/wp\/v2\/tags?post=278032"}],"curies":[{"name":"wp","href":"https:\/\/api.w.org\/{rel}","templated":true}]}}