{"id":278034,"date":"2025-07-27T19:39:26","date_gmt":"2025-07-27T19:39:26","guid":{"rendered":"https:\/\/www.europesays.com\/fr\/278034\/"},"modified":"2025-07-27T19:39:26","modified_gmt":"2025-07-27T19:39:26","slug":"le-royaume-uni-rejoint-le-partenariat-de-libre-echange-transpacifique","status":"publish","type":"post","link":"https:\/\/www.europesays.com\/fr\/278034\/","title":{"rendered":"Le Royaume-Uni rejoint le partenariat de libre-\u00e9change transpacifique"},"content":{"rendered":"<p>C&rsquo;est officiel. Le Royaume-Uni a rejoint ce dimanche le partenariat de libre-\u00e9change transpacifique (CPTPP). Il s&rsquo;agit du plus important accord commercial sign\u00e9 par le pays depuis le Brexit, et qui compte d\u00e9sormais 12 membres. Le pays est le premier d&rsquo;Europe \u00e0 int\u00e9grer le CPTPP, qui regroupe ainsi 500 millions d&rsquo;habitants, et cumule entre 12 et 15% du PIB mondial.<\/p>\n<p>2,6 milliards de livres en plus pour les exportations<\/p>\n<p>Selon Londres, cet accord pourrait accro\u00eetre de 2,6 milliards de livres les exportations britanniques vers les autres pays membres. Sign\u00e9 notamment par la Nouvelle-Z\u00e9lande, l&rsquo;Australie, le Canada et le Japon, le CPTPP, entr\u00e9 en vigueur fin 2018, est le plus important pacte de libre-\u00e9change de la r\u00e9gion pacifique. La Chine a fait acte de candidature, mais plusieurs pays de l&rsquo;alliance s&rsquo;opposent \u00e0 ce qu&rsquo;elle la rejoigne.<\/p>\n<p>Londres avait sign\u00e9 son adh\u00e9sion au partenariat en juillet 2023, sous le pr\u00e9c\u00e9dent gouvernement conservateur, qui avait alors mis en avant les \u00ab\u00a0milliards de livres sterling d&rsquo;\u00e9changes suppl\u00e9mentaires\u00a0\u00bb pour les entreprises britanniques, gr\u00e2ce \u00e0 cette alliance avec \u00ab certaines des \u00e9conomies les plus dynamiques au monde\u00a0\u00bb.<\/p>\n<p>D&rsquo;autres accords commerciaux<\/p>\n<p>Depuis sa sortie effective de l&rsquo;Union europ\u00e9enne (UE) et du march\u00e9 unique europ\u00e9en le 1er janvier 2021, le Royaume-Uni cherche \u00e0 nouer des accords commerciaux tous azimuts pour doper ses \u00e9changes internationaux. Londres a notamment conclu des trait\u00e9s commerciaux avec l&rsquo;UE et d&rsquo;autres Etats europ\u00e9ens, mais aussi avec des pays plus lointains comme l&rsquo;Australie, la Nouvelle-Z\u00e9lande ou Singapour. Des discussions sont en cours avec l&rsquo;Inde et les pays du Golfe.<\/p>\n<p>En revanche, Londres a suspendu en janvier les n\u00e9gociations pour un accord avec le Canada, faute d&rsquo;entente sur le volet agricole. Le Royaume-Uni cherche aussi \u00e0 conclure un trait\u00e9 commercial avec les Etats-Unis. Mais, d\u00e9j\u00e0 tr\u00e8s hypoth\u00e9tique, il pourrait \u00eatre encore plus difficile \u00e0 conclure avec le retour imminent de Donald Trump \u00e0 la Maison Blanche.<\/p>\n<p>47% des \u00e9changes commerciaux toujours avec l&rsquo;UE<\/p>\n<p>En octobre dernier, le\u00a0secr\u00e9taire britannique d&rsquo;Etat charg\u00e9 du Commerce\u00a0avait estim\u00e9 qu&rsquo;une relance \u00ab urgente \u00bb des relations commerciales avec l&rsquo;Union europ\u00e9enne \u00e9tait \u00e9galement n\u00e9cessaire.<\/p>\n<p>\u00ab\u00a0Les chiffres restent difficiles en termes de cons\u00e9quences commerciales imm\u00e9diates post-Brexit, mais la r\u00e9alit\u00e9, c&rsquo;est que 47% des \u00e9changes du Royaume-Uni se font toujours avec l&rsquo;UE. Il est donc urgent de relancer notre relation\u00a0\u00bb, avait ainsi assur\u00e9 Douglas Alexander. Il s&rsquo;exprimait de\u00a0Gen\u00e8ve, en Suisse, lors d&rsquo;une rencontre avec la directrice g\u00e9n\u00e9rale nig\u00e9riane de l&rsquo;Organisation mondiale du Commerce.<\/p>\n<p><a href=\"https:\/\/www.latribune.fr\/economie\/international\/legislatives-au-royaume-uni-pour-le-travailliste-keir-starmer-le-temps-du-changement-est-venu-998123.html\" rel=\"nofollow noopener\" target=\"_blank\">\u00c9lu\u00a0le 5 juillet<\/a>\u00a0dernier, avec un programme centriste et pro-entreprises, Keir Starmer dit vouloir am\u00e9liorer les relations avec les Europ\u00e9ens, mais sans revenir sur le Brexit ni rejoindre le march\u00e9 unique. Ce qui risquerait de rouvrir les plaies ouvertes lors de la sortie de l&rsquo;UE.<\/p>\n","protected":false},"excerpt":{"rendered":"C&rsquo;est officiel. Le Royaume-Uni a rejoint ce dimanche le partenariat de libre-\u00e9change transpacifique (CPTPP). Il s&rsquo;agit du plus&hellip;\n","protected":false},"author":2,"featured_media":278035,"comment_status":"","ping_status":"","sticky":false,"template":"","format":"standard","meta":{"footnotes":""},"categories":[1588],"tags":[6542,11,33,1777,674,7715,12,2766,17939,473,1853,41741,1851,1850,1852],"class_list":{"0":"post-278034","1":"post","2":"type-post","3":"status-publish","4":"format-standard","5":"has-post-thumbnail","7":"category-royaume-uni","8":"tag-6542","9":"tag-actualites","10":"tag-economie","11":"tag-eu","12":"tag-europe","13":"tag-libre-echange","14":"tag-news","15":"tag-partenariat","16":"tag-rejoint","17":"tag-royaume-uni","18":"tag-royaume-uni-de-grande-bretagne-et-dirlande-du-nord","19":"tag-transpacifique","20":"tag-uk","21":"tag-united-kingdom","22":"tag-united-kingdom-of-great-britain-and-northern-ireland"},"share_on_mastodon":{"url":"https:\/\/pubeurope.com\/@fr\/114926896010450214","error":""},"_links":{"self":[{"href":"https:\/\/www.europesays.com\/fr\/wp-json\/wp\/v2\/posts\/278034","targetHints":{"allow":["GET"]}}],"collection":[{"href":"https:\/\/www.europesays.com\/fr\/wp-json\/wp\/v2\/posts"}],"about":[{"href":"https:\/\/www.europesays.com\/fr\/wp-json\/wp\/v2\/types\/post"}],"author":[{"embeddable":true,"href":"https:\/\/www.europesays.com\/fr\/wp-json\/wp\/v2\/users\/2"}],"replies":[{"embeddable":true,"href":"https:\/\/www.europesays.com\/fr\/wp-json\/wp\/v2\/comments?post=278034"}],"version-history":[{"count":0,"href":"https:\/\/www.europesays.com\/fr\/wp-json\/wp\/v2\/posts\/278034\/revisions"}],"wp:featuredmedia":[{"embeddable":true,"href":"https:\/\/www.europesays.com\/fr\/wp-json\/wp\/v2\/media\/278035"}],"wp:attachment":[{"href":"https:\/\/www.europesays.com\/fr\/wp-json\/wp\/v2\/media?parent=278034"}],"wp:term":[{"taxonomy":"category","embeddable":true,"href":"https:\/\/www.europesays.com\/fr\/wp-json\/wp\/v2\/categories?post=278034"},{"taxonomy":"post_tag","embeddable":true,"href":"https:\/\/www.europesays.com\/fr\/wp-json\/wp\/v2\/tags?post=278034"}],"curies":[{"name":"wp","href":"https:\/\/api.w.org\/{rel}","templated":true}]}}