{"id":278036,"date":"2025-07-27T19:40:19","date_gmt":"2025-07-27T19:40:19","guid":{"rendered":"https:\/\/www.europesays.com\/fr\/278036\/"},"modified":"2025-07-27T19:40:19","modified_gmt":"2025-07-27T19:40:19","slug":"au-moins-quatre-morts-et-plusieurs-blesses-dans-le-deraillement-dun-train","status":"publish","type":"post","link":"https:\/\/www.europesays.com\/fr\/278036\/","title":{"rendered":"au moins quatre morts et plusieurs bless\u00e9s dans le d\u00e9raillement d\u2019un train"},"content":{"rendered":"<p>Le train express r\u00e9gional de la Deutsche Bahn se rendait de Sigmaringen \u00e0 Ulm quand il a d\u00e9raill\u00e9, au niveau de la ville de Riedlingen.<\/p>\n<p class=\"fig-paragraph\">Au moins quatre personnes sont mortes dans un accident de train ce dimanche soir dans la r\u00e9gion du Bade-Wurtemberg en Allemagne, a indiqu\u00e9 la police allemande \u00e0 l\u2019AFP. Plusieurs bless\u00e9s sont \u00e9galement comptabilis\u00e9s. Selon les informations du\u00a0<a href=\"https:\/\/www.spiegel.de\/panorama\/personenzug-entgleist-in-oberschwaben-rettungskraefte-suchen-nach-fahrgaesten-a-5808f18e-1bb5-4023-a304-1f636d391d76\" target=\"_blank\" rel=\"sponsored noopener\" data-gtm-custom-categorie=\"navigation\" data-gtm-custom-action=\"crossclick\" data-gtm-custom-label=\"Contextuel\" data-gtm-event=\"customEventSPE\">Spiegel<\/a>, le train express r\u00e9gional de la Deutsche Bahn se rendait de Sigmaringen \u00e0 Ulm quand il a d\u00e9raill\u00e9, au niveau de la ville de Riedlingen, \u00e0 18h10. Les premi\u00e8res images de l\u2019accident montrent des wagons gris \u00e0 bandes jaunes \u00e9chou\u00e9s dans la for\u00eat, dont certains compl\u00e8tement couch\u00e9s sur le c\u00f4t\u00e9. De nombreux secouristes sont sur place et six h\u00e9licopt\u00e8res sont en action.<\/p>\n<p class=\"fig-paragraph\">Si les conditions du d\u00e9raillement ne sont pas encore connues, le centre de contr\u00f4le de Reutlingen a signal\u00e9 un \u00abincident massif\u00bb, ce qui impliquerait un grand nombre de victimes. Le quotidien\u00a0<a href=\"https:\/\/www.bild.de\/news\/inland\/unglueck-in-baden-wuerttemberg-passagierzug-entgleist-68865ba70e680a76f4e9743c\" target=\"_blank\" rel=\"noopener\" data-gtm-custom-categorie=\"navigation\" data-gtm-custom-action=\"crossclick\" data-gtm-custom-label=\"Contextuel\" data-gtm-event=\"customEventSPE\">Bild<\/a> \u00a0indique que 100 passagers se trouvaient \u00e0 bord du train au moment de l\u2019accident, et qu\u2019au moins trois d\u2019entre eux ont \u00e9t\u00e9 bless\u00e9s. Mais le bilan pourrait \u00eatre beaucoup plus lourd.\u00a0\u00abLa cause exacte de l\u2019accident fait actuellement l\u2019objet d\u2019une enqu\u00eate\u00bb, indique la police f\u00e9d\u00e9rale.<\/p>\n<p>                                    <a class=\"fig-a11y-skip a11y-hidden\" href=\"#fig-a11y-skip-main-inarticle\"><br \/>\n        Passer la publicit\u00e9<br \/>\n    <\/a><\/p>\n<p class=\"fig-paragraph\">Les transports allemands sont r\u00e9guli\u00e8rement point\u00e9s du doigt par les passagers en raison du retard des trains et de la v\u00e9tust\u00e9 des infrastructures. Le gouvernement du chancelier conservateur Friedrich Merz s\u2019est engag\u00e9 \u00e0 investir plusieurs centaines de milliards d\u2019euros au cours des prochaines ann\u00e9es, notamment pour moderniser les infrastructures.<\/p>\n","protected":false},"excerpt":{"rendered":"Le train express r\u00e9gional de la Deutsche Bahn se rendait de Sigmaringen \u00e0 Ulm quand il a d\u00e9raill\u00e9,&hellip;\n","protected":false},"author":2,"featured_media":278037,"comment_status":"","ping_status":"","sticky":false,"template":"","format":"standard","meta":{"footnotes":""},"categories":[1587],"tags":[11,672,1804,1805,1803,1777,674,1801,12,1802,926],"class_list":{"0":"post-278036","1":"post","2":"type-post","3":"status-publish","4":"format-standard","5":"has-post-thumbnail","7":"category-allemagne","8":"tag-actualites","9":"tag-allemagne","10":"tag-bundesrepublik-deutschland","11":"tag-de","12":"tag-deutschland","13":"tag-eu","14":"tag-europe","15":"tag-germany","16":"tag-news","17":"tag-republique-federale-dallemagne","18":"tag-train"},"share_on_mastodon":{"url":"https:\/\/pubeurope.com\/@fr\/114926899974867740","error":""},"_links":{"self":[{"href":"https:\/\/www.europesays.com\/fr\/wp-json\/wp\/v2\/posts\/278036","targetHints":{"allow":["GET"]}}],"collection":[{"href":"https:\/\/www.europesays.com\/fr\/wp-json\/wp\/v2\/posts"}],"about":[{"href":"https:\/\/www.europesays.com\/fr\/wp-json\/wp\/v2\/types\/post"}],"author":[{"embeddable":true,"href":"https:\/\/www.europesays.com\/fr\/wp-json\/wp\/v2\/users\/2"}],"replies":[{"embeddable":true,"href":"https:\/\/www.europesays.com\/fr\/wp-json\/wp\/v2\/comments?post=278036"}],"version-history":[{"count":0,"href":"https:\/\/www.europesays.com\/fr\/wp-json\/wp\/v2\/posts\/278036\/revisions"}],"wp:featuredmedia":[{"embeddable":true,"href":"https:\/\/www.europesays.com\/fr\/wp-json\/wp\/v2\/media\/278037"}],"wp:attachment":[{"href":"https:\/\/www.europesays.com\/fr\/wp-json\/wp\/v2\/media?parent=278036"}],"wp:term":[{"taxonomy":"category","embeddable":true,"href":"https:\/\/www.europesays.com\/fr\/wp-json\/wp\/v2\/categories?post=278036"},{"taxonomy":"post_tag","embeddable":true,"href":"https:\/\/www.europesays.com\/fr\/wp-json\/wp\/v2\/tags?post=278036"}],"curies":[{"name":"wp","href":"https:\/\/api.w.org\/{rel}","templated":true}]}}