{"id":278040,"date":"2025-07-27T19:42:16","date_gmt":"2025-07-27T19:42:16","guid":{"rendered":"https:\/\/www.europesays.com\/fr\/278040\/"},"modified":"2025-07-27T19:42:16","modified_gmt":"2025-07-27T19:42:16","slug":"cest-un-echec-pour-leurope-deplore-leconomiste-christian-saint-etienne","status":"publish","type":"post","link":"https:\/\/www.europesays.com\/fr\/278040\/","title":{"rendered":"\u00abC&rsquo;est un \u00e9chec pour l&rsquo;Europe\u00bb d\u00e9plore l&rsquo;\u00e9conomiste Christian Saint-\u00c9tienne"},"content":{"rendered":"<p class=\"intro \">Apr\u00e8s la signature d&rsquo;un accord commercial entre les \u00c9tats-Unis et l&rsquo;Union europ\u00e9enne, les termes du contrat se d\u00e9voilent peu \u00e0 peu et semblent confirmer une victoire am\u00e9ricaine dans les n\u00e9gociations. Invit\u00e9 d&rsquo;Europe 1 Soir Week-end, l&rsquo;\u00e9conomiste Christian Saint-\u00c9tienne a d\u00e9nonc\u00e9 un \u00e9chec de la strat\u00e9gie d&rsquo;Ursula von der Leyen.<\/p>\n<p>Les n\u00e9gociations commerciales entre l&rsquo;Union europ\u00e9enne et les \u00c9tats-Unis <a href=\"https:\/\/www.europe1.fr\/international\/droits-de-douane-donald-trump-et-ursula-von-der-leyen-annoncent-un-accord-historique-765638\" rel=\"nofollow noopener\" target=\"_blank\">ont enfin conclu \u00e0 un accord<\/a>, ce dimanche 27 juillet, en \u00c9cosse. Il ne restait d&rsquo;ailleurs plus que quelques jours avant la date limite, qui avait \u00e9t\u00e9 fix\u00e9e le 1er ao\u00fbt prochain. Pour l&rsquo;\u00e9conomiste <a href=\"https:\/\/www.europe1.fr\/emissions\/europe-1-soir-week-end-2\/accord-entre-lunion-europeenne-et-donald-trump-a-15-de-droits-de-douane-cest-du-racket-estime-leconomiste-christian-saint-etienne-765639\" rel=\"nofollow noopener\" target=\"_blank\">Christian Saint-\u00c9tienne<\/a>, cette annonce ne devrait pas profiter aux Europ\u00e9ens.<\/p>\n<p>    La suite apr\u00e8s cette publicit\u00e9<\/p>\n<p>    La suite apr\u00e8s cette publicit\u00e9<\/p>\n<p>\u00ab\u00a0Ursula von der Leyen crie victoire pour sauver son poste\u00a0\u00bb<\/p>\n<p>\u00ab\u00a0C&rsquo;est un \u00e9chec pour l&rsquo;Europe. Quand les n\u00e9gociations ont commenc\u00e9, la Commission europ\u00e9enne visait 0%. Ensuite, le taux 10% semblait le maximum acceptable, alors 15%, c&rsquo;est un \u00e9chec. \u00c9videmment, Ursula von der Leyen crie victoire apr\u00e8s cet \u00e9chec, c&rsquo;est de la politique. Mais sur le plan strat\u00e9gique, c&rsquo;est un tr\u00e8s mauvais accord\u00a0\u00bb, a-t-il assur\u00e9 au micro de Guillaume Lariche.<\/p>\n<p>Alors que Donald Trump mena\u00e7ait d&rsquo;une taxation \u00e0 30% sur les exportations europ\u00e9ennes, ce taux de 15% confirme une strat\u00e9gie agressive, avant quelques concessions.<\/p>\n<p>    La suite apr\u00e8s cette publicit\u00e9<\/p>\n<p>    La suite apr\u00e8s cette publicit\u00e9<\/p>\n<p>\u00ab\u00a0C&rsquo;est sa fa\u00e7on de n\u00e9gocier. Mais au fond, il a n\u00e9goci\u00e9 avec l&rsquo;Union europ\u00e9enne qui, en biens et services, a un flux de commerce avec les \u00c9tats-Unis qui est de 1.700 milliards d&rsquo;euros. Donc, il a n\u00e9goci\u00e9 avec nous, comme avec le Cameroun ou avec l&rsquo;Afrique du Sud. On voit que la Commission europ\u00e9enne n&rsquo;a pas pu ou n&rsquo;\u00e9tait pas capable d&rsquo;utiliser tout le poids de l&rsquo;Europe dans cette n\u00e9gociation. Donc, m\u00eame si Ursula von der Leyen crie victoire pour sauver son poste, c&rsquo;est un \u00e9chec\u00a0\u00bb, a-t-il d\u00e9clar\u00e9.<\/p>\n","protected":false},"excerpt":{"rendered":"Apr\u00e8s la signature d&rsquo;un accord commercial entre les \u00c9tats-Unis et l&rsquo;Union europ\u00e9enne, les termes du contrat se d\u00e9voilent&hellip;\n","protected":false},"author":2,"featured_media":278041,"comment_status":"","ping_status":"","sticky":false,"template":"","format":"standard","meta":{"footnotes":""},"categories":[1586],"tags":[11,1777,674,1779,1011,27,12,25,1778,364],"class_list":{"0":"post-278040","1":"post","2":"type-post","3":"status-publish","4":"format-standard","5":"has-post-thumbnail","7":"category-europe","8":"tag-actualites","9":"tag-eu","10":"tag-europe","11":"tag-european-union","12":"tag-fr","13":"tag-france","14":"tag-news","15":"tag-republique-francaise","16":"tag-ue","17":"tag-union-europeenne"},"share_on_mastodon":{"url":"https:\/\/pubeurope.com\/@fr\/114926907812941020","error":""},"_links":{"self":[{"href":"https:\/\/www.europesays.com\/fr\/wp-json\/wp\/v2\/posts\/278040","targetHints":{"allow":["GET"]}}],"collection":[{"href":"https:\/\/www.europesays.com\/fr\/wp-json\/wp\/v2\/posts"}],"about":[{"href":"https:\/\/www.europesays.com\/fr\/wp-json\/wp\/v2\/types\/post"}],"author":[{"embeddable":true,"href":"https:\/\/www.europesays.com\/fr\/wp-json\/wp\/v2\/users\/2"}],"replies":[{"embeddable":true,"href":"https:\/\/www.europesays.com\/fr\/wp-json\/wp\/v2\/comments?post=278040"}],"version-history":[{"count":0,"href":"https:\/\/www.europesays.com\/fr\/wp-json\/wp\/v2\/posts\/278040\/revisions"}],"wp:featuredmedia":[{"embeddable":true,"href":"https:\/\/www.europesays.com\/fr\/wp-json\/wp\/v2\/media\/278041"}],"wp:attachment":[{"href":"https:\/\/www.europesays.com\/fr\/wp-json\/wp\/v2\/media?parent=278040"}],"wp:term":[{"taxonomy":"category","embeddable":true,"href":"https:\/\/www.europesays.com\/fr\/wp-json\/wp\/v2\/categories?post=278040"},{"taxonomy":"post_tag","embeddable":true,"href":"https:\/\/www.europesays.com\/fr\/wp-json\/wp\/v2\/tags?post=278040"}],"curies":[{"name":"wp","href":"https:\/\/api.w.org\/{rel}","templated":true}]}}