{"id":278047,"date":"2025-07-27T19:46:11","date_gmt":"2025-07-27T19:46:11","guid":{"rendered":"https:\/\/www.europesays.com\/fr\/278047\/"},"modified":"2025-07-27T19:46:11","modified_gmt":"2025-07-27T19:46:11","slug":"en-ecosse-donald-trump-fait-la-lecon-aux-europeens-entre-deux-parties-de-golf","status":"publish","type":"post","link":"https:\/\/www.europesays.com\/fr\/278047\/","title":{"rendered":"En \u00c9cosse, Donald Trump fait la le\u00e7on aux Europ\u00e9ens entre deux parties de golf"},"content":{"rendered":"<p><strong>D\u00c9CRYPTAGE &#8211;<\/strong> Le pr\u00e9sident am\u00e9ricain est en vill\u00e9giature sur son golf de Turnberry, o\u00f9 il devait aussi avoir des entretiens politiques.<\/p>\n<p class=\"fig-paragraph\">C\u2019est la premi\u00e8re fois depuis sa r\u00e9\u00e9lection que\u00a0<a href=\"http:\/\/www.lefigaro.fr\/flash-actu\/donald-trump-en-ecosse-les-images-de-sa-partie-de-golf-en-famille-dans-l-un-de-ses-luxueux-complexes-20250726\" data-fig-type=\"NewsFlash\" data-gtm-custom-categorie=\"navigation\" data-gtm-custom-action=\"crossclick\" data-gtm-custom-label=\"Contextuel\" data-gtm-event=\"customEventSPE\" data-fig-domain=\"LEFIGARO\" rel=\"nofollow noopener\" target=\"_blank\">Donald Trump<\/a>\u00a0foule le sol britannique. Sa pr\u00e9c\u00e9dente visite sur ses terrains de golf \u00e9cossais remonte \u00e0 2023. Si l\u2019heure de la seconde visite officielle de Trump en grande pompe attendra la mi-septembre, la pr\u00e9sence du pr\u00e9sident am\u00e9ricain au Royaume-Uni n\u2019en est pas moins un \u00e9v\u00e9nement pour la diplomatie transatlantique, les services de s\u00e9curit\u00e9 britanniques et les \u00c9cossais, tr\u00e8s majoritairement hostiles au pr\u00e9sident r\u00e9publicain.<\/p>\n<p>\u00c0 d\u00e9couvrir<\/p>\n<ul class=\"fig-crosslinking__list\">\n<li class=\"fig-crosslinking__item\">\n                                            <img   class=\"fig-img fig-crosslinking__media-photo\" alt=\"L\u2019info m\u00eame en vacances avec l\u2019app Le Figaro\" height=\"1050\" width=\"1400\"\/><br \/>\n                                        <a href=\"https:\/\/app.adjust.com\/io4h526\" data-gtm=\"{&quot;customCategorie&quot;:&quot;navigation&quot;,&quot;customAction&quot;:&quot;blocIDClic&quot;,&quot;customLabel&quot;:&quot;crosslink_https:\\\/\\\/app.adjust.com\\\/io4h526&quot;,&quot;event&quot;:&quot;customEventSPE&quot;}\" class=\"fig-crosslinking__link\" rel=\"nofollow noopener\" target=\"_blank\">L\u2019info m\u00eame en vacances avec l\u2019app Le Figaro<\/a>\n                <\/li>\n<li class=\"fig-crosslinking__item\">\n                                            <img   class=\"fig-img fig-crosslinking__media-photo\" alt=\"PODCAST - \u00c9coutez le club Le Figaro International\" height=\"256\" width=\"256\"\/><br \/>\n                                        <a href=\"https:\/\/podcasts.lefigaro.fr\/le-figaro-le-club-le-figaro-international\/episodes\/latest?utm_medium=redirection_article&amp;utm_source=lefigaro&amp;utm_campaign=international_figaro2024\" data-gtm=\"{&quot;customCategorie&quot;:&quot;navigation&quot;,&quot;customAction&quot;:&quot;blocIDClic&quot;,&quot;customLabel&quot;:&quot;crosslink_https:\\\/\\\/podcasts.lefigaro.fr\\\/le-figaro-le-club-le-figaro-international\\\/episodes\\\/latest?utm_medium=redirection_article&amp;utm_source=lefigaro&amp;utm_campaign=international_figaro2024&quot;,&quot;event&quot;:&quot;customEventSPE&quot;}\" class=\"fig-crosslinking__link\" rel=\"nofollow noopener\" target=\"_blank\">PODCAST &#8211; \u00c9coutez le club Le Figaro International<\/a>\n                <\/li>\n<\/ul>\n<p class=\"fig-paragraph\">Cette visite divise d\u2019autant plus que, des deux c\u00f4t\u00e9s de l\u2019Atlantique, beaucoup s\u2019interrogent sur l\u2019opportunit\u00e9 saisie par\u00a0<a href=\"http:\/\/www.lefigaro.fr\/international\/donald-trump-dans-le-piege-de-l-affaire-epstein-20250723\" data-fig-type=\"Article\" data-gtm-custom-categorie=\"navigation\" data-gtm-custom-action=\"crossclick\" data-gtm-custom-label=\"Contextuel\" data-gtm-event=\"customEventSPE\" data-fig-domain=\"LEFIGARO\" rel=\"nofollow noopener\" target=\"_blank\">Trump de fuir la pol\u00e9mique concernant la pr\u00e9sence de son nom dans les dossiers judiciaires d\u2019Epstein<\/a>, le riche financier mort en prison en 2019 avant son proc\u00e8s pour trafic de mineurs.<\/p>\n<p class=\"fig-body-link\">\n            \u00c0 lire aussi<br \/>\n        <a class=\"fig-body-link__link fig-premium-mark\" href=\"http:\/\/www.lefigaro.fr\/conjoncture\/droits-de-douane-l-europe-suspendue-au-bon-vouloir-de-donald-trump-20250727\" data-fig-type=\"Article\" data-gtm-custom-categorie=\"navigation\" data-gtm-custom-action=\"crossclick\" data-gtm-custom-label=\"Contextuel\" data-gtm-event=\"customEventSPE\" data-fig-domain=\"LEFIGARO\" rel=\"nofollow noopener\" target=\"_blank\">Droits de douane\u00a0: l\u2019Europe suspendue au bon vouloir de Donald Trump<br \/>\n    <\/a>\n<\/p>\n<p class=\"fig-paragraph\">L\u2019id\u00e9e que Trump est venu se r\u00e9fugier en \u00c9cosse pour fuir la controverse n\u2019a fait qu\u2019accro\u00eetre l\u2019aversion\u00a0<a href=\"http:\/\/www.lefigaro.fr\/flash-actu\/donald-trump-en-ecosse-les-images-de-plusieurs-centaines-de-manifestants-a-aberdeen-et-edimbourg-contre-le-president-americain-20250727\" data-fig-type=\"NewsFlash\" data-gtm-custom-categorie=\"navigation\" data-gtm-custom-action=\"crossclick\" data-gtm-custom-label=\"Contextuel\" data-gtm-event=\"customEventSPE\" data-fig-domain=\"LEFIGARO\" rel=\"nofollow noopener\" target=\"_blank\">des manifestants envers le pr\u00e9sident am\u00e9ricain. Le week-end a \u00e9t\u00e9 marqu\u00e9 par des manifestations \u00e0 \u00c9dimbourg\u2026<\/a><\/p>\n<p class=\"fig-premium-paywall__infos\">\n        Cet article est r\u00e9serv\u00e9 aux abonn\u00e9s.        Il vous reste 81% \u00e0 d\u00e9couvrir.\n    <\/p>\n<p>                <img  data- alt=\"Le Figaro\" class=\"fig-img--complete fig-img\"\/><\/p>\n<p class=\"fig-premium-paywall__title\">Vous avez envie de lire la suite ?<\/p>\n<p class=\"fig-premium-paywall__subtitle\">D\u00e9bloquez tous les articles imm\u00e9diatement.<\/p>\n<p>                <a href=\"https:\/\/abonnement.lefigaro.fr\/paiement\/c902379d-b73f-48cd-9a5a-a50381a84173?app=Figaro&amp;source=paywall-direct-checkout&amp;redirect_uri=https%3A%2F%2Fwww.lefigaro.fr%2Finternational%2Fen-ecosse-donald-trump-fait-la-lecon-aux-europeens-entre-deux-parties-de-golf-20250727\" class=\"fig-premium-paywall__btn\" data-js-gtm=\"{&quot;customCategorie&quot;: &quot;conversion&quot;, &quot;customAction&quot;: &quot;before_Landing_Premium_paywall_auto&quot;, &quot;customLabel&quot;: &quot;bGVmaWdhcm8uZnJfXzFmMDZhZjZiLWU0MWUtNjA5NC1iMGU1LWIxODRmMGQzN2E5Zl9fQXJ0aWNsZQ==_En \u00c9cosse, Donald Trump fait la le\u00e7on aux Europ\u00e9ens entre deux parties de golf_213&quot;, &quot;customIDSPE&quot;: &quot;bGVmaWdhcm8uZnJfXzFmMDZhZjZiLWU0MWUtNjA5NC1iMGU1LWIxODRmMGQzN2E5Zl9fQXJ0aWNsZQ==&quot;, &quot;event&quot;: &quot;customEventSPE&quot;}\" referrerpolicy=\"unsafe-url\" rel=\"nofollow noopener\" target=\"_blank\"><br \/>\n                    CONTINUER<br \/>\n                <\/a><\/p>\n<p class=\"fig-premium-paywall__connect\">\n                D\u00e9j\u00e0 abonn\u00e9\u00a0?                <a class=\"fig-premium-paywall__connect-link\" href=\"https:\/\/connect.lefigaro.fr\/login?client=horizon_web&amp;type=main&amp;redirect_uri=https%3A%2F%2Fwww.lefigaro.fr%2Finternational%2Fen-ecosse-donald-trump-fait-la-lecon-aux-europeens-entre-deux-parties-de-golf-20250727\" data-js-gtm=\"{&quot;customCategorie&quot;: &quot;conversion&quot;, &quot;customAction&quot;: &quot;before_Landing_Connexion_paywall_auto&quot;, &quot;customLabel&quot;: &quot;bGVmaWdhcm8uZnJfXzFmMDZhZjZiLWU0MWUtNjA5NC1iMGU1LWIxODRmMGQzN2E5Zl9fQXJ0aWNsZQ==_En \u00c9cosse, Donald Trump fait la le\u00e7on aux Europ\u00e9ens entre deux parties de golf_213&quot;, &quot;customIDSPE&quot;: &quot;bGVmaWdhcm8uZnJfXzFmMDZhZjZiLWU0MWUtNjA5NC1iMGU1LWIxODRmMGQzN2E5Zl9fQXJ0aWNsZQ==&quot;, &quot;event&quot;: &quot;customEventSPE&quot;}\" rel=\"nofollow noopener\" target=\"_blank\"><br \/>\n                    Connectez-vous<br \/>\n                <\/a>\n            <\/p>\n","protected":false},"excerpt":{"rendered":"D\u00c9CRYPTAGE &#8211; Le pr\u00e9sident am\u00e9ricain est en vill\u00e9giature sur son golf de Turnberry, o\u00f9 il devait aussi avoir&hellip;\n","protected":false},"author":2,"featured_media":278048,"comment_status":"","ping_status":"","sticky":false,"template":"","format":"standard","meta":{"footnotes":""},"categories":[1418],"tags":[75,73,1011,27,1472,1074,60],"class_list":{"0":"post-278047","1":"post","2":"type-post","3":"status-publish","4":"format-standard","5":"has-post-thumbnail","7":"category-golf","8":"tag-donald-trump","9":"tag-etats-unis","10":"tag-fr","11":"tag-france","12":"tag-golf","13":"tag-guerre-commerciale","14":"tag-sports"},"share_on_mastodon":{"url":"https:\/\/pubeurope.com\/@fr\/114926923470639045","error":""},"_links":{"self":[{"href":"https:\/\/www.europesays.com\/fr\/wp-json\/wp\/v2\/posts\/278047","targetHints":{"allow":["GET"]}}],"collection":[{"href":"https:\/\/www.europesays.com\/fr\/wp-json\/wp\/v2\/posts"}],"about":[{"href":"https:\/\/www.europesays.com\/fr\/wp-json\/wp\/v2\/types\/post"}],"author":[{"embeddable":true,"href":"https:\/\/www.europesays.com\/fr\/wp-json\/wp\/v2\/users\/2"}],"replies":[{"embeddable":true,"href":"https:\/\/www.europesays.com\/fr\/wp-json\/wp\/v2\/comments?post=278047"}],"version-history":[{"count":0,"href":"https:\/\/www.europesays.com\/fr\/wp-json\/wp\/v2\/posts\/278047\/revisions"}],"wp:featuredmedia":[{"embeddable":true,"href":"https:\/\/www.europesays.com\/fr\/wp-json\/wp\/v2\/media\/278048"}],"wp:attachment":[{"href":"https:\/\/www.europesays.com\/fr\/wp-json\/wp\/v2\/media?parent=278047"}],"wp:term":[{"taxonomy":"category","embeddable":true,"href":"https:\/\/www.europesays.com\/fr\/wp-json\/wp\/v2\/categories?post=278047"},{"taxonomy":"post_tag","embeddable":true,"href":"https:\/\/www.europesays.com\/fr\/wp-json\/wp\/v2\/tags?post=278047"}],"curies":[{"name":"wp","href":"https:\/\/api.w.org\/{rel}","templated":true}]}}