{"id":278051,"date":"2025-07-27T19:49:22","date_gmt":"2025-07-27T19:49:22","guid":{"rendered":"https:\/\/www.europesays.com\/fr\/278051\/"},"modified":"2025-07-27T19:49:22","modified_gmt":"2025-07-27T19:49:22","slug":"atp-toronto-denis-shapovalov-sur-son-nouvel-entraineur-je-cherchais-un-peu-partout-et-je-savais-quil-setait-separe-de-gael-monfils","status":"publish","type":"post","link":"https:\/\/www.europesays.com\/fr\/278051\/","title":{"rendered":"ATP &#8211; Toronto > Denis Shapovalov, sur son nouvel entra\u00eeneur : \u00ab\u00a0Je cherchais un peu partout et je savais qu&rsquo;il s&rsquo;\u00e9tait s\u00e9par\u00e9 de Ga\u00ebl Monfils\u00a0\u00bb"},"content":{"rendered":"<p>R\u00e9cemment titr\u00e9 \u00e0 Los Cabos, Denis Shapovalov sera l\u2019une des attrac\u00adtions du Masters 1000 de Toronto, chez lui, au Canada.\u00a0<\/p>\n<p>Lors de son passage en conf\u00e9\u00adrence de presse, le local a \u00e9t\u00e9 inter\u00adrog\u00e9 sur son nouvel entra\u00ee\u00adneur, le Su\u00e9dois, Mikael Tillstrom, coach de Ga\u00ebl Monfils pendant de nombreuses ann\u00e9es.\u00a0<\/p>\n<p><strong>\u00ab\u202fOui, je connais Mikael depuis de nombreuses ann\u00e9es. Il m\u2019a aid\u00e9 pendant quelques semaines l\u2019ann\u00e9e derni\u00e8re lorsque j\u2019\u00e9tais entre deux entra\u00ee\u00adneurs, entre deux \u00e9quipes. Oui, je le connais\u00adsais un peu. Je m\u2019\u00e9tais s\u00e9par\u00e9 de Janko (Tipsarevic) apr\u00e8s Halle et je cher\u00adchais un peu partout. J\u2019avais parl\u00e9 \u00e0 Mikael, je savais qu\u2019il s\u2019\u00e9tait s\u00e9par\u00e9 de Ga\u00ebl et, oui, nous avons pens\u00e9 \u00e0 essayer de parti\u00adciper \u00e0 Wimbledon, puis \u00e0 voir comment \u00e7a se passait. Oui, je veux dire, jusqu\u2019\u00e0 pr\u00e9sent, c\u2019est super. \u00c9videmment, \u00e7a aide de conna\u00eetre le gars \u00e0 l\u2019avance. Chaque fois que je suis en Su\u00e8de, je m\u2019en\u00adtra\u00eene dans son acad\u00e9mie, dans son club, ce qui est g\u00e9nial. J\u2019ai appris \u00e0 le conna\u00eetre un peu et je pense que c\u2019est un entra\u00ee\u00adneur formi\u00addable, alors oui, j\u2019es\u00adp\u00e8re que nous aurons une bonne collaboration.\u202f\u00bb<\/strong><\/p>\n<p class=\"post-published-date\" style=\"color: silver; font-size: 75%; text-align: left;\">Publi\u00e9 le dimanche 27 juillet 2025 \u00e0 18:58<\/p>\n","protected":false},"excerpt":{"rendered":"R\u00e9cemment titr\u00e9 \u00e0 Los Cabos, Denis Shapovalov sera l\u2019une des attrac\u00adtions du Masters 1000 de Toronto, chez lui,&hellip;\n","protected":false},"author":2,"featured_media":278052,"comment_status":"","ping_status":"","sticky":false,"template":"","format":"standard","meta":{"footnotes":""},"categories":[1415],"tags":[1011,27,3770,4389,60,1467],"class_list":{"0":"post-278051","1":"post","2":"type-post","3":"status-publish","4":"format-standard","5":"has-post-thumbnail","7":"category-tennis","8":"tag-fr","9":"tag-france","10":"tag-monfils","11":"tag-shapovalov","12":"tag-sports","13":"tag-tennis"},"share_on_mastodon":{"url":"https:\/\/pubeurope.com\/@fr\/114926935257699460","error":""},"_links":{"self":[{"href":"https:\/\/www.europesays.com\/fr\/wp-json\/wp\/v2\/posts\/278051","targetHints":{"allow":["GET"]}}],"collection":[{"href":"https:\/\/www.europesays.com\/fr\/wp-json\/wp\/v2\/posts"}],"about":[{"href":"https:\/\/www.europesays.com\/fr\/wp-json\/wp\/v2\/types\/post"}],"author":[{"embeddable":true,"href":"https:\/\/www.europesays.com\/fr\/wp-json\/wp\/v2\/users\/2"}],"replies":[{"embeddable":true,"href":"https:\/\/www.europesays.com\/fr\/wp-json\/wp\/v2\/comments?post=278051"}],"version-history":[{"count":0,"href":"https:\/\/www.europesays.com\/fr\/wp-json\/wp\/v2\/posts\/278051\/revisions"}],"wp:featuredmedia":[{"embeddable":true,"href":"https:\/\/www.europesays.com\/fr\/wp-json\/wp\/v2\/media\/278052"}],"wp:attachment":[{"href":"https:\/\/www.europesays.com\/fr\/wp-json\/wp\/v2\/media?parent=278051"}],"wp:term":[{"taxonomy":"category","embeddable":true,"href":"https:\/\/www.europesays.com\/fr\/wp-json\/wp\/v2\/categories?post=278051"},{"taxonomy":"post_tag","embeddable":true,"href":"https:\/\/www.europesays.com\/fr\/wp-json\/wp\/v2\/tags?post=278051"}],"curies":[{"name":"wp","href":"https:\/\/api.w.org\/{rel}","templated":true}]}}