{"id":278053,"date":"2025-07-27T19:51:10","date_gmt":"2025-07-27T19:51:10","guid":{"rendered":"https:\/\/www.europesays.com\/fr\/278053\/"},"modified":"2025-07-27T19:51:10","modified_gmt":"2025-07-27T19:51:10","slug":"championnat-du-monde-feminin-hongrie-la-francaise-ornella-ongaro-blessee-et-forfait","status":"publish","type":"post","link":"https:\/\/www.europesays.com\/fr\/278053\/","title":{"rendered":"Championnat du Monde F\u00e9minin, Hongrie : La Fran\u00e7aise Ornella Ongaro bless\u00e9e et forfait"},"content":{"rendered":"<p><strong>Ornella Ongaro s\u2019est bless\u00e9e lors de la Course 1 en<br \/>\nHongrie et esp\u00e8re \u00eatre de retour pour sa manche \u00e0 domicile en<br \/>\nseptembre \u00e0 Magny-Cours.<\/strong><\/p>\n<p>La quatri\u00e8me manche du Championnat du Monde F\u00e9minin bat son<br \/>\nplein ce week-end en Hongrie, mais s\u2019est arr\u00eat\u00e9e pr\u00e9matur\u00e9ment pour<br \/>\n<strong>Ornella Ongaro<\/strong>. La Fran\u00e7aise, qualifi\u00e9e en 16e<br \/>\nposition, avait pris un bon d\u00e9part et se trouvait au 14e rang,<br \/>\nlorsqu\u2019elle a chut\u00e9 apr\u00e8s un accrochage avec la Ta\u00efwanaise Chun Mei<br \/>\nLiu.<\/p>\n<p>Emmen\u00e9e sur civi\u00e8re au centre m\u00e9dical du circuit, il lui a \u00e9t\u00e9<br \/>\ndiagnostiqu\u00e9 une fracture de l\u2019hum\u00e9rus droit, ce qui a mis un terme<br \/>\n\u00e0 son week-end. \u00ab\u00a0Accrochage, je me fais couper la route<br \/>\npar la 33. Tr\u00e8s agressive d\u00e9j\u00e0 \u00e0 la chicane pr\u00e9c\u00e9dent ce virage\u2026 Au<br \/>\npremier tour elle jouait sa vie va savoir pourquoi ! Comportement\u2026<br \/>\nje vais me taire. Merci \u00e0 tous pour vos messages vraiment. Retour<br \/>\nen France pour une op\u00e9ration et je serai \u00e0 nouveau sur pied,<br \/>\nl\u2019histoire ne sera que plus belle\u00a0\u00bb, a-t-elle post\u00e9 sur<br \/>\nses r\u00e9seaux sociaux.<\/p>\n<p><img loading=\"lazy\" decoding=\"async\" class=\"aligncenter size-full wp-image-1314664\" src=\"https:\/\/www.europesays.com\/fr\/wp-content\/uploads\/2025\/07\/524559415_122195383388047686_8119152892628963256_n.jpg\" alt=\"Ornella Ongaro\" width=\"800\" height=\"533\"  \/><\/p>\n<p>C\u2019est un coup dur pour <strong>Ornella Ongaro<\/strong>, qui<br \/>\n<a href=\"https:\/\/www.paddock-gp.com\/championnat-du-monde-feminin-donington-les-francaises-boudesseul-ongaro-et-bondi-reviennent-sur-leurs-courses\/\" rel=\"nofollow noopener\" target=\"_blank\"><br \/>\nvenait de r\u00e9aliser sa meilleure manche il y a deux semaines, \u00e0<br \/>\nDonington<\/a>. Repartie d\u2019une page blanche avec une nouvelle \u00e9quipe<br \/>\nautour d\u2019elle, elle \u00e9tait parvenue \u00e0 d\u00e9crocher le septi\u00e8me meilleur<br \/>\ntemps en course, son record personnel depuis son retour au niveau<br \/>\nmondial, et avait termin\u00e9 les deux courses dans le top 8. Une bonne<br \/>\ndynamique qu\u2019elle esp\u00e9rait poursuivre ce week-end en Hongrie.<\/p>\n<p>Malgr\u00e9 un positionnement plus loin lors des essais et de la<br \/>\nSuperpole, elle pouvait esp\u00e9rer r\u00e9aliser deux solides remont\u00e9es,<br \/>\nmais cet accrochage en a d\u00e9cid\u00e9 autrement. D\u00e9sormais, la Fran\u00e7aise<br \/>\nva devoir retrouver son meilleur niveau, et aura un mois et demi<br \/>\npour y parvenir, avant la prochaine manche. Celle-ci sera d\u2019autant<br \/>\nplus importante qu\u2019elle roulera \u00e0 domicile, en France, sur le<br \/>\ncircuit de Magny-Cours.<\/p>\n<p>Au vu de la difficult\u00e9 de sa situation, elle et son entourage<br \/>\n<a href=\"https:\/\/www.instagram.com\/cannesvisit\/p\/DMmvpJqsrJB\/?hl=fr&amp;img_index=1\" rel=\"nofollow noopener\" target=\"_blank\"><br \/>\nont appel\u00e9 \u00e0 la g\u00e9n\u00e9rosit\u00e9 sur les r\u00e9seaux sociaux<\/a>.<\/p>\n<p><img loading=\"lazy\" decoding=\"async\" class=\"aligncenter size-full wp-image-1314658\" src=\"https:\/\/www.europesays.com\/fr\/wp-content\/uploads\/2025\/07\/518031374_122193971324047686_207316620222261661_n.jpg\" alt=\"Ornella Ongaro\" width=\"800\" height=\"534\"  \/><\/p>\n<p><script async src=\"\/\/www.instagram.com\/embed.js\"><\/script><\/p>\n","protected":false},"excerpt":{"rendered":"Ornella Ongaro s\u2019est bless\u00e9e lors de la Course 1 en Hongrie et esp\u00e8re \u00eatre de retour pour sa&hellip;\n","protected":false},"author":2,"featured_media":278054,"comment_status":"","ping_status":"","sticky":false,"template":"","format":"standard","meta":{"footnotes":""},"categories":[1413],"tags":[1011,27,1457,1456,60],"class_list":{"0":"post-278053","1":"post","2":"type-post","3":"status-publish","4":"format-standard","5":"has-post-thumbnail","7":"category-moto","8":"tag-fr","9":"tag-france","10":"tag-moto","11":"tag-motocycle","12":"tag-sports"},"share_on_mastodon":{"url":"https:\/\/pubeurope.com\/@fr\/114926943184278890","error":""},"_links":{"self":[{"href":"https:\/\/www.europesays.com\/fr\/wp-json\/wp\/v2\/posts\/278053","targetHints":{"allow":["GET"]}}],"collection":[{"href":"https:\/\/www.europesays.com\/fr\/wp-json\/wp\/v2\/posts"}],"about":[{"href":"https:\/\/www.europesays.com\/fr\/wp-json\/wp\/v2\/types\/post"}],"author":[{"embeddable":true,"href":"https:\/\/www.europesays.com\/fr\/wp-json\/wp\/v2\/users\/2"}],"replies":[{"embeddable":true,"href":"https:\/\/www.europesays.com\/fr\/wp-json\/wp\/v2\/comments?post=278053"}],"version-history":[{"count":0,"href":"https:\/\/www.europesays.com\/fr\/wp-json\/wp\/v2\/posts\/278053\/revisions"}],"wp:featuredmedia":[{"embeddable":true,"href":"https:\/\/www.europesays.com\/fr\/wp-json\/wp\/v2\/media\/278054"}],"wp:attachment":[{"href":"https:\/\/www.europesays.com\/fr\/wp-json\/wp\/v2\/media?parent=278053"}],"wp:term":[{"taxonomy":"category","embeddable":true,"href":"https:\/\/www.europesays.com\/fr\/wp-json\/wp\/v2\/categories?post=278053"},{"taxonomy":"post_tag","embeddable":true,"href":"https:\/\/www.europesays.com\/fr\/wp-json\/wp\/v2\/tags?post=278053"}],"curies":[{"name":"wp","href":"https:\/\/api.w.org\/{rel}","templated":true}]}}