{"id":278055,"date":"2025-07-27T19:52:16","date_gmt":"2025-07-27T19:52:16","guid":{"rendered":"https:\/\/www.europesays.com\/fr\/278055\/"},"modified":"2025-07-27T19:52:16","modified_gmt":"2025-07-27T19:52:16","slug":"le-premier-grand-prix-sans-horner","status":"publish","type":"post","link":"https:\/\/www.europesays.com\/fr\/278055\/","title":{"rendered":"Le premier Grand Prix sans Horner"},"content":{"rendered":"<p>\t\t\t<strong class=\"post-excerpt\"><\/p>\n<p itemprop=\"description\">Au terme de ce 13\u00e8me Grand Prix de Formule 1, le chapitre Christian Horner se tourne d\u00e9finitivement. Que peux-t-on en dire?<\/p>\n<p><\/strong>\t\t  <\/p>\n<p>Apr\u00e8s l\u2019annonce survenue<strong> le 9 juillet dernier<\/strong> qui a provoqu\u00e9 un choc, des paddocks jusque chez vous et moi, nous y sommes: le premier Grand Prix <strong>sans Christian Horner<\/strong>. Qu\u2019est-ce que cela a-t-il pu changer pour <strong>RedBull<\/strong>?<\/p>\n<p>   \t\t\t Retour sur l\u2019annonce surprise <\/p>\n<p>C\u2019est au <strong>lendemain<\/strong> du <strong>Grand Prix de Silverstone<\/strong> que l\u2019annonce avait \u00e9t\u00e9 faite. <strong>Christian Horner<\/strong>, \u00e0 la t\u00eate de l\u2019\u00e9curie <strong>Red Bull<\/strong> depuis son arriv\u00e9e en <strong>Formule 1 en 2007<\/strong>, est <a href=\"https:\/\/www.formula1.com\/en\/latest\/article\/horner-to-exit-red-bull-with-immediate-effect-as-mekies-takes-over-as-ceo.4Rd4H69v5sIkhPF0XCbf7N\" target=\"_blank\" rel=\"noopener nofollow\"><strong>renvoy\u00e9<\/strong> de ses fonctions avec <strong>effet imm\u00e9diat<\/strong>.<\/a><\/p>\n<p>Certains pouvaient s\u2019y attendre. En effet, <strong>depuis la saison derni\u00e8re<\/strong> et les <strong>graves accusations<\/strong> contre le Team Principal, en plus des <strong>divisions<\/strong> avec le <strong>clan Verstappen<\/strong>, nous attendions plus ou moins <strong>sa sentence<\/strong>. Mais elle n\u2019\u00e9tait, \u00e0 l\u2019\u00e9poque, pas encore tomb\u00e9e.<\/p>\n<p>Il aura ainsi fallu attendre le <strong>milieu de saison<\/strong>, avant m\u00eame la <strong>tr\u00eave estivale<\/strong>, pour que le Britannique de 51 ans dise <strong>adieu<\/strong> aux paddocks de la Formule 1. Un <strong>timing<\/strong> qui n\u2019en est pas un, un <strong>remerciement<\/strong> et un <strong>bouleversement dans les hi\u00e9rarchies du groupe Red Bull et Racing Bulls, <\/strong>et nous voil\u00e0 pr\u00eats \u00e0 encha\u00eener <strong>deux Grands Prix<\/strong> avant la tr\u00eave estivale.<\/p>\n<p> Premi\u00e8re fois sans <\/p>\n<p>Ce week-end a donc eu lieu le <strong>treizi\u00e8me Grand Prix de la saison<\/strong>, \u00e0 <strong>Spa-Francorchamps<\/strong>, en <strong>Belgique<\/strong>. Le <strong>premier sans<\/strong> l\u2019une des <strong>figures majeures<\/strong> de l\u2019\u00e9curie. Le <strong>premier<\/strong> avec <a href=\"https:\/\/www.sportauto.fr\/actu\/sport-actu\/formule-1\/laurent-mekies-francais-team-principal-red-bull-f1-2025-portrait-parcours-carriere-435054.html\" target=\"_blank\" rel=\"noopener nofollow\"><strong>Laurent Mekies<\/strong><\/a>, jusqu\u2019alors Team Principal de <strong>l\u2019\u00e9curie \u201cpetite s\u0153ur\u201d<\/strong> se retrouvant alors <strong>successeur de Christian Horner. <\/strong>L\u2019homme qui a, en partie, <strong>fa\u00e7onn\u00e9 l\u2019\u00e9curie autrichienne<\/strong> n\u2019\u00e9tait pas le seul absent du week-end puisque <strong>l\u2019ing\u00e9nieur<\/strong> de <strong>Max Verstappen<\/strong>, <strong>Gianpiero Lambiase<\/strong>, l\u2019\u00e9tait \u00e9galement.<\/p>\n<p>On aurait pu s\u2019attendre \u00e0 plus de <strong>cafouillages<\/strong>, compr\u00e9hensibles le temps de mettre les choses en place <strong>autour du Fran\u00e7ais<\/strong> nouvellement arriv\u00e9 <strong>\u00e0 la t\u00eate de l\u2019\u00e9curie<\/strong>. Mais il n\u2019en est rien.<\/p>\n<p>A l\u2019inverse, <strong>Laurent Mekies<\/strong> semble souffler <strong>un vent nouveau<\/strong> sur l\u2019\u00e9curie autrichienne. Peut-\u00eatre est-ce de <strong>bon augure<\/strong> pour la suite de la saison, notamment du c\u00f4t\u00e9 du box de <strong>Yuki Tsunoda<\/strong>. En effet, le japonais a pu b\u00e9n\u00e9ficier du <strong>nouveau plancher<\/strong> originellement <strong>seulement pr\u00e9vu pour Verstappen ce week-end<\/strong>, et a r\u00e9ussi \u00e0 aller jusqu\u2019en <strong>Q3<\/strong> gr\u00e2ce \u00e0 celui-ci. Interrog\u00e9 suite \u00e0 cette <strong>d\u00e9cision<\/strong> sur la grille de d\u00e9part, peu avant la course, par les \u00e9quipes de <strong>Canal+<\/strong>, il explique: \u201cil n\u2019y a <strong>pas de d\u00e9cisions individuelles<\/strong>, c\u2019est un <strong>choix d\u2019\u00e9quipe<\/strong>. On a eu <strong>l\u2019opportunit\u00e9<\/strong> d\u2019avoir une <strong>pi\u00e8ce suppl\u00e9mentaire<\/strong> [\u2026] nous l\u2019avons mont\u00e9e <strong>juste \u00e0 temps<\/strong> pour les <strong>qualifications<\/strong>\u201d.<\/p>\n<p> Un week-end positif <\/p>\n<p><strong>Max Verstappen<\/strong>, qui s&rsquo;\u00e9lan\u00e7ait <strong>3\u00e8me<\/strong> pour la <strong>course sprint<\/strong> hier (26 juillet), est parvenu \u00e0 passer en t\u00eate et a <strong>remporter la douzi\u00e8me course sprint de sa carri\u00e8re<\/strong>. <strong>F\u00e9licit\u00e9<\/strong> \u00e0 la radio <strong>par son nouveau team principal<\/strong>, il l\u2019a <strong>remerci\u00e9 \u00e0 son tour<\/strong>. \u201cC\u2019est un bon d\u00e9but\u201d, comme le dit le <strong>champion du monde en titre<\/strong>.<\/p>\n<p>Pour la <strong>course principale<\/strong>, retard\u00e9e due \u00e0 la <strong>m\u00e9t\u00e9o pluvieuse<\/strong> sur le circuit, <strong>Verstappen<\/strong> s\u2019\u00e9lan\u00e7ait <strong>4\u00e8me<\/strong> et son co\u00e9quipier <strong>7\u00e8me<\/strong>. \u00a0 \u00a0 \u00a0 \u00a0 \u00a0 \u00a0 \u00a0 \u00a0 \u00a0 \u00a0 \u00a0 \u00a0 \u00a0 \u00a0 \u00a0 \u00a0 \u00a0 \u00a0 \u00a0 \u00a0 \u00a0 \u00a0 \u00a0 \u00a0 \u00a0 \u00a0 \u00a0 \u00a0 \u00a0 \u00a0 \u00a0 \u00a0 \u00a0 A <strong>l\u2019arriv\u00e9e<\/strong>, le champion du monde est \u00e0 sa <strong>place initiale<\/strong> n\u2019ayant pas r\u00e9ussi \u00e0 avoir le meilleur sur la <strong>Ferrari<\/strong> de <strong>Charles Leclerc<\/strong> tandis que <a href=\"https:\/\/www.sportauto.fr\/actu\/sport-actu\/formule-1\/f1-yuki-tsunoda-remplacement-liam-lawson-red-bull-japon-suzuka-2025-430082.html\" target=\"_blank\" rel=\"noopener nofollow\"><strong>Yuki Tsunoda<\/strong><\/a> a perdu quelques places et finit <strong>11\u00e8me<\/strong>.<\/p>\n<p>Un week-end donc <strong>prometteur<\/strong> qui pourrait annoncer de belles choses <strong>pour la suite<\/strong>. \u00c9videmment, le week-end aurait \u00e9t\u00e9 compl\u00e8tement <strong>r\u00e9ussi<\/strong> si <strong>Tsunoda<\/strong> avait <strong>marqu\u00e9 des points<\/strong> et si <strong>Verstappen<\/strong> \u00e9tait <strong>mont\u00e9 sur le podium<\/strong>, voire avait <strong>r\u00e9it\u00e9r\u00e9<\/strong> son <strong>exploit<\/strong> de la veille. Mais les <strong>McLarens<\/strong> sont compliqu\u00e9es \u00e0 aller chercher et le Japonais a d\u00e9j\u00e0 r\u00e9alis\u00e9 <strong>de meilleures performances<\/strong> avec la nouvelle pi\u00e8ce ajout\u00e9e \u00e0 sa monoplace. Il y a donc plus de <strong>positif<\/strong> \u00e0 prendre que de n\u00e9gatif de ce week-end en <strong>Belgique<\/strong>.<\/p>\n<p>Naturellement, \u00a0<strong>Laurent Mekies<\/strong> doit encore <strong>d\u00e9couvrir<\/strong> sa nouvelle \u00e9curie et am\u00e8nera plus de choses <strong>dans le futur<\/strong>. Mais nous verrons cela en temps voulu. Pour l\u2019heure, nous pouvons le <strong>f\u00e9liciter<\/strong> pour ce premier week-end et officiellement <strong>tourner la page<\/strong> sur le chapitre de <strong>Christian Horner<\/strong>.<\/p>\n","protected":false},"excerpt":{"rendered":"Au terme de ce 13\u00e8me Grand Prix de Formule 1, le chapitre Christian Horner se tourne d\u00e9finitivement. Que&hellip;\n","protected":false},"author":2,"featured_media":278056,"comment_status":"","ping_status":"","sticky":false,"template":"","format":"standard","meta":{"footnotes":""},"categories":[1412],"tags":[1451,1452,1453,1454,1455,1011,27,1638,60],"class_list":{"0":"post-278055","1":"post","2":"type-post","3":"status-publish","4":"format-standard","5":"has-post-thumbnail","7":"category-f1","8":"tag-f1","9":"tag-formula-1","10":"tag-formula1","11":"tag-formule-1","12":"tag-formule1","13":"tag-fr","14":"tag-france","15":"tag-has_diapo","16":"tag-sports"},"share_on_mastodon":{"url":"https:\/\/pubeurope.com\/@fr\/114926947121874312","error":""},"_links":{"self":[{"href":"https:\/\/www.europesays.com\/fr\/wp-json\/wp\/v2\/posts\/278055","targetHints":{"allow":["GET"]}}],"collection":[{"href":"https:\/\/www.europesays.com\/fr\/wp-json\/wp\/v2\/posts"}],"about":[{"href":"https:\/\/www.europesays.com\/fr\/wp-json\/wp\/v2\/types\/post"}],"author":[{"embeddable":true,"href":"https:\/\/www.europesays.com\/fr\/wp-json\/wp\/v2\/users\/2"}],"replies":[{"embeddable":true,"href":"https:\/\/www.europesays.com\/fr\/wp-json\/wp\/v2\/comments?post=278055"}],"version-history":[{"count":0,"href":"https:\/\/www.europesays.com\/fr\/wp-json\/wp\/v2\/posts\/278055\/revisions"}],"wp:featuredmedia":[{"embeddable":true,"href":"https:\/\/www.europesays.com\/fr\/wp-json\/wp\/v2\/media\/278056"}],"wp:attachment":[{"href":"https:\/\/www.europesays.com\/fr\/wp-json\/wp\/v2\/media?parent=278055"}],"wp:term":[{"taxonomy":"category","embeddable":true,"href":"https:\/\/www.europesays.com\/fr\/wp-json\/wp\/v2\/categories?post=278055"},{"taxonomy":"post_tag","embeddable":true,"href":"https:\/\/www.europesays.com\/fr\/wp-json\/wp\/v2\/tags?post=278055"}],"curies":[{"name":"wp","href":"https:\/\/api.w.org\/{rel}","templated":true}]}}