{"id":278057,"date":"2025-07-27T19:53:09","date_gmt":"2025-07-27T19:53:09","guid":{"rendered":"https:\/\/www.europesays.com\/fr\/278057\/"},"modified":"2025-07-27T19:53:09","modified_gmt":"2025-07-27T19:53:09","slug":"tdf-tour-de-france-julian-alaphilippe-on-est-content-davoir-termine","status":"publish","type":"post","link":"https:\/\/www.europesays.com\/fr\/278057\/","title":{"rendered":"TDF. Tour de France &#8211; Julian Alaphilippe : \u00abOn est content d&rsquo;avoir termin\u00e9&#8230;\u00bb"},"content":{"rendered":"<p>L&rsquo;histoire retiendra que c&rsquo;est <strong><a href=\"https:\/\/www.cyclismactu.net\/..\/news-tour-de-france-route-julian-alaphilippe-comme-un-con-j-ai-leve-bras-89097.html\" target=\"_blank\" rel=\"nofollow noopener\">Julian Alaphilippe<\/a> <\/strong>qui a attaqu\u00e9 en premier dans Montmartre sur le <strong>Tour de France<\/strong>\u00a0! M\u00eame s&rsquo;il n&rsquo;a pas r\u00e9ussi \u00e0 peser dans le final de la 21e \u00e9tape, finalement remport\u00e9e par <strong><a href=\"https:\/\/www.cyclismactu.net\/..\/news-tdf-route-tour-de-france-wout-van-aert-domine-tadej-pogacar-une-21e-etape-de-legende-89279.html\" target=\"_blank\" rel=\"nofollow noopener\">Wout Van Aert<\/a> <\/strong>(Team Visma | Lease a Bike), le Fran\u00e7ais s&rsquo;est fait plaisir et a longtemps \u00e9t\u00e9 dans l&#8217;emballage pour la victoire. Finalement, le double champion du monde et son \u00e9quipe,\u00a0<strong>Tudor Pro Cycling Team<\/strong>, n&rsquo;ont pas r\u00e9ussi \u00e0 s&rsquo;imposer sur ce <strong>Tour de France<\/strong>, mais se sont montr\u00e9s et sont visiblement heureux d&rsquo;en avoir termin\u00e9.<\/p>\n<p>Vid\u00e9o &#8211; Julian Alaphilippe content d&rsquo;en finir avec ce Tour de France Lire la suite de l&rsquo;article&#13;<\/p>\n<p>\u00a0<\/p>\n<p>&#13;<br \/>\n\u00ab\u00a0Je ne sais pas comment s&rsquo;est pass\u00e9 le final\u00a0\u00bb&#13;<\/p>\n<p>\u00ab\u00a0C&rsquo;\u00e9tait dur, j&rsquo;avais un bon feeling, on \u00e9tait bien plac\u00e9s.\u00a0\u00bb a expliqu\u00e9 <strong>Julian Alaphilippe <\/strong>apr\u00e8s la ligne.\u00a0\u00ab\u00a0On a donn\u00e9 le maximum \u00e0 la fin, c&rsquo;\u00e9tait bien de cr\u00e9er le mouvement, et puis Matteo (Trentin) \u00e9tait dans le bon coup. Je ne sais pas comment s&rsquo;est pass\u00e9 le final, mais tout le monde est content d&rsquo;avoir termin\u00e9.\u00a0\u00bb Le Fran\u00e7ais ne s&rsquo;est pas impos\u00e9 mais a montr\u00e9 un caract\u00e8re tr\u00e8s offensif pour accompagner les d\u00e9buts de son \u00e9quipe sur le <strong>Tour de France<\/strong>, de quoi esp\u00e9rer s&rsquo;imposer \u00e0 nouveau dans les prochaines ann\u00e9es.<\/p>\n<p>Tour de France &#8211; Classement de la 21\u00e8 \u00e9tape Tour de France &#8211; Classement g\u00e9n\u00e9ral provisoire apr\u00e8s la 21\u00e8 \u00e9tape<\/p>\n","protected":false},"excerpt":{"rendered":"L&rsquo;histoire retiendra que c&rsquo;est Julian Alaphilippe qui a attaqu\u00e9 en premier dans Montmartre sur le Tour de France\u00a0!&hellip;\n","protected":false},"author":2,"featured_media":278058,"comment_status":"","ping_status":"","sticky":false,"template":"","format":"standard","meta":{"footnotes":""},"categories":[1411],"tags":[1154,207,211,1011,27,209,60,210,212,208,213],"class_list":{"0":"post-278057","1":"post","2":"type-post","3":"status-publish","4":"format-standard","5":"has-post-thumbnail","7":"category-cyclisme","8":"tag-cycling","9":"tag-cyclisme","10":"tag-ffc","11":"tag-fr","12":"tag-france","13":"tag-route","14":"tag-sports","15":"tag-tour-de-france","16":"tag-uci","17":"tag-velo","18":"tag-world-tour"},"share_on_mastodon":{"url":"https:\/\/pubeurope.com\/@fr\/114926951009230310","error":""},"_links":{"self":[{"href":"https:\/\/www.europesays.com\/fr\/wp-json\/wp\/v2\/posts\/278057","targetHints":{"allow":["GET"]}}],"collection":[{"href":"https:\/\/www.europesays.com\/fr\/wp-json\/wp\/v2\/posts"}],"about":[{"href":"https:\/\/www.europesays.com\/fr\/wp-json\/wp\/v2\/types\/post"}],"author":[{"embeddable":true,"href":"https:\/\/www.europesays.com\/fr\/wp-json\/wp\/v2\/users\/2"}],"replies":[{"embeddable":true,"href":"https:\/\/www.europesays.com\/fr\/wp-json\/wp\/v2\/comments?post=278057"}],"version-history":[{"count":0,"href":"https:\/\/www.europesays.com\/fr\/wp-json\/wp\/v2\/posts\/278057\/revisions"}],"wp:featuredmedia":[{"embeddable":true,"href":"https:\/\/www.europesays.com\/fr\/wp-json\/wp\/v2\/media\/278058"}],"wp:attachment":[{"href":"https:\/\/www.europesays.com\/fr\/wp-json\/wp\/v2\/media?parent=278057"}],"wp:term":[{"taxonomy":"category","embeddable":true,"href":"https:\/\/www.europesays.com\/fr\/wp-json\/wp\/v2\/categories?post=278057"},{"taxonomy":"post_tag","embeddable":true,"href":"https:\/\/www.europesays.com\/fr\/wp-json\/wp\/v2\/tags?post=278057"}],"curies":[{"name":"wp","href":"https:\/\/api.w.org\/{rel}","templated":true}]}}