{"id":278063,"date":"2025-07-27T19:56:13","date_gmt":"2025-07-27T19:56:13","guid":{"rendered":"https:\/\/www.europesays.com\/fr\/278063\/"},"modified":"2025-07-27T19:56:13","modified_gmt":"2025-07-27T19:56:13","slug":"en-images-76-peintres-reunis-au-27e-festival-des-aquarellistes-de-bagnols","status":"publish","type":"post","link":"https:\/\/www.europesays.com\/fr\/278063\/","title":{"rendered":"En images. 76 peintres r\u00e9unis au 27e festival des aquarellistes de Bagnols"},"content":{"rendered":"<p>La soir\u00e9e d\u2019ouverture du 27e festival, vendredi 25\u00a0juillet, a permis d\u2019attribuer sept prix dont un nouveau, le prix du D\u00e9partement. Christiane Garnier Godde, pr\u00e9sidente du festival organis\u00e9 par l\u2019association multiculturelle des loisirs, a remerci\u00e9 les 76 peintres inscrits et les b\u00e9n\u00e9voles pour leur investissement en amont et pendant le festival qui continue dimanche 27\u00a0juillet.<\/p>\n","protected":false},"excerpt":{"rendered":"La soir\u00e9e d\u2019ouverture du 27e festival, vendredi 25\u00a0juillet, a permis d\u2019attribuer sept prix dont un nouveau, le prix&hellip;\n","protected":false},"author":2,"featured_media":278064,"comment_status":"","ping_status":"","sticky":false,"template":"","format":"standard","meta":{"footnotes":""},"categories":[1358],"tags":[1348,1384,1385,41742,1687,1386,58,3156,59,2271,1011,27,2798,41743],"class_list":{"0":"post-278063","1":"post","2":"type-post","3":"status-publish","4":"format-standard","5":"has-post-thumbnail","7":"category-arts-et-design","8":"tag-arts","9":"tag-arts-and-design","10":"tag-arts-et-design","11":"tag-bagnols","12":"tag-culture-loisirs","13":"tag-design","14":"tag-divertissement","15":"tag-edition-villefranche","16":"tag-entertainment","17":"tag-exposition-arts-plastiques","18":"tag-fr","19":"tag-france","20":"tag-galerie-photo","21":"tag-val-doingt-bassin"},"share_on_mastodon":{"url":"https:\/\/pubeurope.com\/@fr\/114926962894972861","error":""},"_links":{"self":[{"href":"https:\/\/www.europesays.com\/fr\/wp-json\/wp\/v2\/posts\/278063","targetHints":{"allow":["GET"]}}],"collection":[{"href":"https:\/\/www.europesays.com\/fr\/wp-json\/wp\/v2\/posts"}],"about":[{"href":"https:\/\/www.europesays.com\/fr\/wp-json\/wp\/v2\/types\/post"}],"author":[{"embeddable":true,"href":"https:\/\/www.europesays.com\/fr\/wp-json\/wp\/v2\/users\/2"}],"replies":[{"embeddable":true,"href":"https:\/\/www.europesays.com\/fr\/wp-json\/wp\/v2\/comments?post=278063"}],"version-history":[{"count":0,"href":"https:\/\/www.europesays.com\/fr\/wp-json\/wp\/v2\/posts\/278063\/revisions"}],"wp:featuredmedia":[{"embeddable":true,"href":"https:\/\/www.europesays.com\/fr\/wp-json\/wp\/v2\/media\/278064"}],"wp:attachment":[{"href":"https:\/\/www.europesays.com\/fr\/wp-json\/wp\/v2\/media?parent=278063"}],"wp:term":[{"taxonomy":"category","embeddable":true,"href":"https:\/\/www.europesays.com\/fr\/wp-json\/wp\/v2\/categories?post=278063"},{"taxonomy":"post_tag","embeddable":true,"href":"https:\/\/www.europesays.com\/fr\/wp-json\/wp\/v2\/tags?post=278063"}],"curies":[{"name":"wp","href":"https:\/\/api.w.org\/{rel}","templated":true}]}}