{"id":278067,"date":"2025-07-27T19:58:19","date_gmt":"2025-07-27T19:58:19","guid":{"rendered":"https:\/\/www.europesays.com\/fr\/278067\/"},"modified":"2025-07-27T19:58:19","modified_gmt":"2025-07-27T19:58:19","slug":"combien-depisodes-compte-la-suite-de-la-serie-netflix","status":"publish","type":"post","link":"https:\/\/www.europesays.com\/fr\/278067\/","title":{"rendered":"Combien d&rsquo;\u00e9pisodes compte la suite de la s\u00e9rie Netflix ?"},"content":{"rendered":"<p>L&rsquo;attente est de plus en plus longue pour les fans de Mercredi, mais d&rsquo;ici quelques semaines \u00e0 peine, la saison 2 de la s\u00e9rie avec Jenna Ortega sera enfin mise en ligne sur la plateforme de streaming Netflix. Diffus\u00e9e en deux parties, combien d&rsquo;\u00e9pisodes composeront cette nouvelle saison ?<\/p>\n<p>Pr\u00e8s de trois ans apr\u00e8s la sortie de Mercredi sur Netflix, il est enfin temps de d\u00e9couvrir la nouvelle saison consacr\u00e9e \u00e0 la fille Addams. La premi\u00e8re partie de <a href=\"https:\/\/www.programme-tv.net\/news\/series-tv\/318475-mercredi-saison-2-netflix-date-de-sortie-casting-intrigue-premieres-informations-sur-la-nouvelle-saison\/\" data-api-deeplink=\"teleloisirs:\/\/news\/318475\" target=\"_blank\" rel=\"noopener\">la saison 2 de Mercredi<\/a> sera mise en ligne sur la plateforme de streaming le mercredi 6 ao\u00fbt et la seconde partie sera disponible \u00e0 partir du mercredi 3 septembre<b>. La deuxi\u00e8me saison de la s\u00e9rie est compos\u00e9e de huit \u00e9pisodes<\/b> qui seront donc divis\u00e9s en deux parties de quatre \u00e9pisodes.<b> <\/b>Cette nouvelle salve d&rsquo;\u00e9pisodes sera alors<a href=\"https:\/\/www.programme-tv.net\/news\/series-tv\/383670-mercredi-saison-2-ce-personnage-est-totalement-meconnaissable\/\" data-api-deeplink=\"teleloisirs:\/\/news\/383670\" target=\"_blank\" rel=\"noopener\"> l&rsquo;occasion de retrouver ce personnage culte qui a bien chang\u00e9 depuis la premi\u00e8re saison.<\/a><\/p>\n<p>Emma Myers a pr\u00e9f\u00e9r\u00e9 la saison 2 de Mercredi \u00e0 la premi\u00e8re<\/p>\n<p>Avant m\u00eame la diffusion de la saison 2 de Mercredi,<a href=\"https:\/\/www.programme-tv.net\/news\/series-tv\/380922-jessaye-de-rester-excite-mais-les-fans-de-mercredi-disent-tous-la-meme-chose-a-propos-de-la-saison-2-de-la-serie-netflix\/\" data-api-deeplink=\"teleloisirs:\/\/news\/380922\" target=\"_blank\" rel=\"noopener\"> les fans de la s\u00e9rie disent tous la m\u00eame chose<\/a> et le moins que l&rsquo;on puisse dire, c&rsquo;est qu&rsquo;ils sont tr\u00e8s excit\u00e9s \u00e0 l&rsquo;id\u00e9e de d\u00e9couvrir la suite de cette aventure \u00e0 la Nevermore Academy.<a href=\"https:\/\/www.programme-tv.net\/news\/series-tv\/380922-jessaye-de-rester-excite-mais-les-fans-de-mercredi-disent-tous-la-meme-chose-a-propos-de-la-saison-2-de-la-serie-netflix\/\" data-api-deeplink=\"teleloisirs:\/\/news\/380922\" target=\"_blank\" rel=\"noopener\"> <\/a>En attendant, les com\u00e9diens se livrent \u00e0 quelques confidences sur cette deuxi\u00e8me saison. C&rsquo;est le cas d&rsquo;Emma Myers qui a d\u00e9clar\u00e9 \u00e0 Screen Rant qu&rsquo;elle avait pr\u00e9f\u00e9r\u00e9 la saison 2 \u00e0 la premi\u00e8re. L&rsquo;interpr\u00e8te d&rsquo;Enid a ensuite pr\u00e9cis\u00e9 : \u00ab\u00a0Je trouve qu&rsquo;il y a plein de petites surprises sympa. (&#8230;) Je pense que les gens seront ravis du d\u00e9veloppement. C&rsquo;est une saison amusante. J&rsquo;ai donc tr\u00e8s h\u00e2te que les gens la d\u00e9couvrent.\u00a0\u00bb En ce qui concerne l&rsquo;avenir de Mercredi, elle a confi\u00e9 : \u00ab\u00a0En ce qui concerne les int\u00e9r\u00eats amoureux de Mercredi, j&rsquo;ai l&rsquo;impression qu&rsquo;au moins pour une deuxi\u00e8me saison, elle devrait profiter de sa saison de c\u00e9libat. Elle vient de vivre un fiasco total avec ses hommes, il faut qu&rsquo;elle se repose un peu.\u00a0\u00bb<\/p>\n<p>                        Une saison 3 de Mercredi pr\u00e9vue en cas de succ\u00e8s ?<\/p>\n<p>Lorsque Mercredi est arriv\u00e9e sur Netflix, le succ\u00e8s a tout de suite \u00e9t\u00e9 au rendez-vous au point que la s\u00e9rie a occup\u00e9 la premi\u00e8re place du classement pendant de longues semaines, et qu&rsquo;elle est toujours l<a href=\"https:\/\/www.programme-tv.net\/news\/series-tv\/341212-netflix-le-top-20-des-series-les-plus-vues-sur-la-plateforme\/\" data-api-deeplink=\"teleloisirs:\/\/news\/341212\" target=\"_blank\" rel=\"noopener\">a deuxi\u00e8me s\u00e9rie la plus vue de tous les temps sur la plateforme<\/a>. Mais une saison 3 est-elle pr\u00e9vue ?<\/p>\n<p>Dans des propos rapport\u00e9s par Collider, Jenna Ortega a r\u00e9v\u00e9l\u00e9 : \u00ab\u00a0Nous n&rsquo;avons pas encore re\u00e7u d&rsquo;approbation officielle, mais je sais que les sc\u00e9naristes\u2026 Avec une s\u00e9rie comme celle-l\u00e0, on a tendance \u00e0 prendre de l&rsquo;avance. Du coup, je pense qu&rsquo;ils s&rsquo;amusent et lancent des id\u00e9es.\u00a0\u00bb<\/p>\n<p>Article \u00e9crit avec la collaboration de 6m\u00e9dias.<\/p>\n","protected":false},"excerpt":{"rendered":"L&rsquo;attente est de plus en plus longue pour les fans de Mercredi, mais d&rsquo;ici quelques semaines \u00e0 peine,&hellip;\n","protected":false},"author":2,"featured_media":278068,"comment_status":"","ping_status":"","sticky":false,"template":"","format":"standard","meta":{"footnotes":""},"categories":[1356],"tags":[1409,244,58,59,1011,27,5878,41745,41744,127,1722,1721,129,252,1364],"class_list":{"0":"post-278067","1":"post","2":"type-post","3":"status-publish","4":"format-standard","5":"has-post-thumbnail","7":"category-television","8":"tag-bande-annonce","9":"tag-commentaire","10":"tag-divertissement","11":"tag-entertainment","12":"tag-fr","13":"tag-france","14":"tag-jenna-ortega","15":"tag-mercredi-saison-2-52190861","16":"tag-mercredi-52118434","17":"tag-netflix","18":"tag-pub-streaming-netflix","19":"tag-su00e9rie-netflix","20":"tag-svod","21":"tag-television","22":"tag-tv"},"share_on_mastodon":{"url":"https:\/\/pubeurope.com\/@fr\/114926970731852744","error":""},"_links":{"self":[{"href":"https:\/\/www.europesays.com\/fr\/wp-json\/wp\/v2\/posts\/278067","targetHints":{"allow":["GET"]}}],"collection":[{"href":"https:\/\/www.europesays.com\/fr\/wp-json\/wp\/v2\/posts"}],"about":[{"href":"https:\/\/www.europesays.com\/fr\/wp-json\/wp\/v2\/types\/post"}],"author":[{"embeddable":true,"href":"https:\/\/www.europesays.com\/fr\/wp-json\/wp\/v2\/users\/2"}],"replies":[{"embeddable":true,"href":"https:\/\/www.europesays.com\/fr\/wp-json\/wp\/v2\/comments?post=278067"}],"version-history":[{"count":0,"href":"https:\/\/www.europesays.com\/fr\/wp-json\/wp\/v2\/posts\/278067\/revisions"}],"wp:featuredmedia":[{"embeddable":true,"href":"https:\/\/www.europesays.com\/fr\/wp-json\/wp\/v2\/media\/278068"}],"wp:attachment":[{"href":"https:\/\/www.europesays.com\/fr\/wp-json\/wp\/v2\/media?parent=278067"}],"wp:term":[{"taxonomy":"category","embeddable":true,"href":"https:\/\/www.europesays.com\/fr\/wp-json\/wp\/v2\/categories?post=278067"},{"taxonomy":"post_tag","embeddable":true,"href":"https:\/\/www.europesays.com\/fr\/wp-json\/wp\/v2\/tags?post=278067"}],"curies":[{"name":"wp","href":"https:\/\/api.w.org\/{rel}","templated":true}]}}