{"id":278069,"date":"2025-07-27T19:59:14","date_gmt":"2025-07-27T19:59:14","guid":{"rendered":"https:\/\/www.europesays.com\/fr\/278069\/"},"modified":"2025-07-27T19:59:14","modified_gmt":"2025-07-27T19:59:14","slug":"k-pop-a-paris-au-coeur-du-phenomene-stray-kids-pour-deux-soirs-de-concerts-en-images","status":"publish","type":"post","link":"https:\/\/www.europesays.com\/fr\/278069\/","title":{"rendered":"K-pop\u00a0: \u00e0 Paris, au c\u0153ur du ph\u00e9nom\u00e8ne Stray Kids pour deux soirs de concerts [En images]"},"content":{"rendered":"<p>Un concert de Stray Kids, \u00e7a ne se raconte pas. \u00c7a se vit, \u00e0 fond, de la premi\u00e8re \u00e0 la derni\u00e8re seconde. Pas de pause, pas de r\u00e9pit. D\u00e8s la premi\u00e8re note, l\u2019\u00e9nergie est l\u00e0, brute, explosive. C\u2019est un feu d\u2019artifice sensoriel, une tornade musicale qui traverse un stade plein \u00e0 craquer, o\u00f9 les cris des fans rivalisent avec ceux des huit chanteurs sur sc\u00e8ne.<\/p>\n<p>Des d\u00e9cors spectaculaires, des lumi\u00e8res folles, des rires, des clins d\u2019\u0153il, une proximit\u00e9 rare avec le public. Une v\u00e9ritable communion. Le show d\u00e9marre, et on est happ\u00e9, litt\u00e9ralement. <\/p>\n<p>Trois heures plus tard, on ressort sonn\u00e9, KO debout, avec des \u00e9toiles plein les yeux. Et d\u00e9j\u00e0, on guette f\u00e9brilement le prochain concert, pour replonger dans ce r\u00eave \u00e9veill\u00e9.<\/p>\n<p><img decoding=\"async\" src=\"https:\/\/www.europesays.com\/fr\/wp-content\/uploads\/2025\/07\/68867b81b8f3dab9910250f8.1.jpeg\" width=\"480\" height=\"300\" class=\"web_golden_m\" loading=\"lazy\" alt=\"Des chariots passent dans la foule pour que les artistes puissent saluer le public de plus pr\u00e8s.\"\/>Des chariots passent dans la foule pour que les artistes puissent saluer le public de plus pr\u00e8s. (Le T\u00e9l\u00e9gramme\/V\u00e9ronique Le Bagousse)\u00ab\u00a0Est-ce que vous \u00eates pr\u00eats\u00a0?\u00a0\u00bb<\/p>\n<p>Ils arrivent. Bangchan, Lee Know, I.N, Han, Hyunjin, Seungmin, Changbin. Et F\u00e9lix, son visage d\u2019ange et sa voix grave sortie d\u2019ailleurs. Un \u00ab\u00a0Are you ready\u00a0?\u00a0\u00bb (Est-ce que vous \u00eates pr\u00eats\u00a0?) tonitruant, comme une promesse tenue. On l\u2019est, pr\u00eats, nous les fans, les Stay. Depuis huit mois, depuis l\u2019achat des billets. Quelques mots en fran\u00e7ais qui font plaisir pour se mettre d\u00e9finitivement le public dans la poche\u2026 Et c\u2019est parti pour une performance d\u2019une intensit\u00e9 folle, sans aucun temps mort.<\/p>\n<p><img decoding=\"async\" src=\"https:\/\/www.europesays.com\/fr\/wp-content\/uploads\/2025\/07\/68867b81a9c0c5310602f7b0.1.jpeg\" width=\"480\" height=\"300\" class=\"web_golden_m\" loading=\"lazy\" alt=\"Les SKzoo, des peluches gonflables \u00e0 l\u2019\u00e9figie des chanteurs, version poussin, lapin ou encore chat, se baladent dans la foule.\"\/>Les SKzoo, des peluches gonflables \u00e0 l\u2019\u00e9figie des chanteurs, version poussin, lapin ou encore chat, se baladent dans la foule. (Le T\u00e9l\u00e9gramme\/V\u00e9ronique Le Bagousse)<\/p>\n<p>Stray Kids, c\u2019est de l\u2019\u00e9nergie vitamin\u00e9e en barres. De la d\u00e9mesure. G\u00e9ant gonflable pour \u00ab\u00a0Giant\u00a0\u00bb, feu d\u2019artifice, chars mobiles pour s\u2019approcher du public, pr\u00e9c\u00e9d\u00e9s de leurs doubles en peluche version Skzoo, poussin, fennec, loup, chat, chien, cochon, \u00e9cureuil, lapin\u2026 Oui, c\u2019est \u00e7a aussi la K-pop\u00a0: du mignon, du fun, du grand spectacle qui s\u00e9duit petits et grands.<\/p>\n<p>Le lien avec les fans est permanent. Pour \u00ab\u00a0Cinema\u00a0\u00bb, duo \u00e9mouvant entre Lee Know et Seungmin, les noms des spectateurs d\u00e9filent \u00e0 l\u2019\u00e9cran comme au g\u00e9n\u00e9rique d\u2019un film, pour les inclure encore davantage. Et c\u00f4t\u00e9 style, Stray Kids joue dans la cour des grands. Chacun est l\u2019ambassadeur d\u2019une maison de luxe\u00a0: F\u00e9lix en Louis Vuitton, Lee Know chez Gucci, Seungmin pour Burberry, Bangchan en Fendi, Hyunjin chez Versace, I.N pour Bottega Veneta\u2026 Rien n\u2019est laiss\u00e9 au hasard.<\/p>\n<p><img decoding=\"async\" src=\"https:\/\/www.europesays.com\/fr\/wp-content\/uploads\/2025\/07\/68867b80abc4f750930404ba.1.jpeg\" width=\"480\" height=\"300\" class=\"web_golden_m\" loading=\"lazy\" alt=\"F\u00e9lix, \u00e9g\u00e9rie chez Louis Vuitton mais aussi ambassadeur pour l\u2019Unicef et la voix grave du groupe.\"\/>F\u00e9lix, \u00e9g\u00e9rie chez Louis Vuitton mais aussi ambassadeur pour l\u2019Unicef et la voix grave du groupe. (Le T\u00e9l\u00e9gramme\/V\u00e9ronique Le Bagousse)Des records en pagaille<\/p>\n<p>Stray Kids, groupe du label JYP Entertainment, est la preuve vivante qu\u2019il n\u2019y a pas que BTS et Blackpink dans le monde de la K-pop. Groupe atypique qui f\u00e9d\u00e8re une communaut\u00e9 de dizaines de millions de fans, v\u00e9ritable ph\u00e9nom\u00e8ne mondial, le groupe compose, produit. Avec deux Stades de France remplis en quelques heures, ils battent des records.<\/p>\n<p><img decoding=\"async\" src=\"https:\/\/www.europesays.com\/fr\/wp-content\/uploads\/2025\/07\/68867b80c8d8921e1705251c.1.jpeg\" width=\"480\" height=\"300\" class=\"web_golden_m\" loading=\"lazy\" alt=\"Stray Kids f\u00e9d\u00e8re une communaut\u00e9 de dizaines de millions de fans.\"\/>Stray Kids f\u00e9d\u00e8re une communaut\u00e9 de dizaines de millions de fans. (Le T\u00e9l\u00e9gramme\/V\u00e9ronique Le Bagousse)<\/p>\n<p>Moins connus que BTS \u2014 qui p\u00e8se 6\u00a0% du PIB sud-cor\u00e9en \u2014, Bangchan et sa bande font pourtant partie des chouchous des fans. Fin 2024, le groupe avait d\u00e9j\u00e0 vendu plus de 31 millions d\u2019albums entre la Cor\u00e9e et le Japon et figure r\u00e9guli\u00e8rement dans le Billboard 200. Une ascension fulgurante, \u00e0 la hauteur d\u2019un concert inoubliable. Et pour ceux qui auraient rat\u00e9 Stray Kids\u2026 Il y a le concert de Blackpink, samedi prochain\u00a0!<\/p>\n","protected":false},"excerpt":{"rendered":"Un concert de Stray Kids, \u00e7a ne se raconte pas. \u00c7a se vit, \u00e0 fond, de la premi\u00e8re&hellip;\n","protected":false},"author":2,"featured_media":278070,"comment_status":"","ping_status":"","sticky":false,"template":"","format":"standard","meta":{"footnotes":""},"categories":[1355],"tags":[1697,5640,251,872,5972,58,765,59,1011,27,1361,873,10044,14478],"class_list":{"0":"post-278069","1":"post","2":"type-post","3":"status-publish","4":"format-standard","5":"has-post-thumbnail","7":"category-musique","8":"tag-concert","9":"tag-coree-du-sud","10":"tag-culture","11":"tag-culture-et-loisirs","12":"tag-danse","13":"tag-divertissement","14":"tag-en-continu","15":"tag-entertainment","16":"tag-fr","17":"tag-france","18":"tag-music","19":"tag-musique","20":"tag-pop","21":"tag-stade-de-france"},"share_on_mastodon":{"url":"https:\/\/pubeurope.com\/@fr\/114926974723674390","error":""},"_links":{"self":[{"href":"https:\/\/www.europesays.com\/fr\/wp-json\/wp\/v2\/posts\/278069","targetHints":{"allow":["GET"]}}],"collection":[{"href":"https:\/\/www.europesays.com\/fr\/wp-json\/wp\/v2\/posts"}],"about":[{"href":"https:\/\/www.europesays.com\/fr\/wp-json\/wp\/v2\/types\/post"}],"author":[{"embeddable":true,"href":"https:\/\/www.europesays.com\/fr\/wp-json\/wp\/v2\/users\/2"}],"replies":[{"embeddable":true,"href":"https:\/\/www.europesays.com\/fr\/wp-json\/wp\/v2\/comments?post=278069"}],"version-history":[{"count":0,"href":"https:\/\/www.europesays.com\/fr\/wp-json\/wp\/v2\/posts\/278069\/revisions"}],"wp:featuredmedia":[{"embeddable":true,"href":"https:\/\/www.europesays.com\/fr\/wp-json\/wp\/v2\/media\/278070"}],"wp:attachment":[{"href":"https:\/\/www.europesays.com\/fr\/wp-json\/wp\/v2\/media?parent=278069"}],"wp:term":[{"taxonomy":"category","embeddable":true,"href":"https:\/\/www.europesays.com\/fr\/wp-json\/wp\/v2\/categories?post=278069"},{"taxonomy":"post_tag","embeddable":true,"href":"https:\/\/www.europesays.com\/fr\/wp-json\/wp\/v2\/tags?post=278069"}],"curies":[{"name":"wp","href":"https:\/\/api.w.org\/{rel}","templated":true}]}}