{"id":278092,"date":"2025-07-27T20:14:19","date_gmt":"2025-07-27T20:14:19","guid":{"rendered":"https:\/\/www.europesays.com\/fr\/278092\/"},"modified":"2025-07-27T20:14:19","modified_gmt":"2025-07-27T20:14:19","slug":"le-coq-qui-chante-en-centre-ville-divise-les-habitants-il-me-reveille-a-4-h-30-tous-les","status":"publish","type":"post","link":"https:\/\/www.europesays.com\/fr\/278092\/","title":{"rendered":"Le coq qui chante en centre-ville divise les habitants\u00a0: \u00ab\u00a0Il me r\u00e9veille \u00e0 4\u00a0h\u00a030 tous les"},"content":{"rendered":"<p>Ces derni\u00e8res ann\u00e9es, les conflits autour des coqs se multiplient. Derni\u00e8rement, les propri\u00e9taires du coq Ricco avaient obtenu gain de cause. Ils avaient \u00e9t\u00e9 attaqu\u00e9s par des voisins qui trouvaient que l\u2019animal chantait trop fort. Le tribunal de Bourgoin-Jallieu a finalement condamn\u00e9 la plaignante \u00e0 verser 2\u00a0000\u00a0\u20ac pour r\u00e9parer le pr\u00e9judice moral des propri\u00e9taires. Juste avant le verdict, le coq de 7\u00a0ans est mort apr\u00e8s avoir \u00e9t\u00e9 attaqu\u00e9 par un renard.<\/p>\n<p>\u00ab\u00a0Il rend fou\u00a0\u00bb<\/p>\n<p>Cette fois, c\u2019est en pleine ville que l\u2019animal fait d\u00e9bat. Comme le rapporte <a href=\"https:\/\/www.francebleu.fr\/infos\/insolite\/c-est-comme-a-la-campagne-a-strasbourg-le-chant-d-un-coq-agace-certains-habitants-et-en-ravit-d-autres-4110034\" rel=\"nofollow noopener\" target=\"_blank\">Ici Alsace<\/a>, un coq a \u00e9t\u00e9 install\u00e9 dans les jardins d\u2019une r\u00e9sidence \u00e9tudiante dans le quartier Neudorf de Strasbourg (Bas-Rhin). L\u2019un des habitants a publi\u00e9 un message pour exprimer son ras-le-bol\u00a0: <strong>\u00ab\u00a0Quelqu\u2019un aurait des renseignements sur un coq pr\u00e8s de la rue de Soultz, il rend fou tout le monde avec son cri son chant (ce que vous voulez) toute la journ\u00e9e.\u00a0\u00bb<\/strong><\/p>\n<p><strong>\u00ab\u00a0Je me l\u00e8ve \u00e0 5\u00a0h\u00a030 pour le travail et quand il chante toutes les 30\u00a0secondes une heure avant, je n\u2019arrive pas \u00e0 me rendormir. Tr\u00e8s t\u00f4t le matin, on entend que \u00e7a en fait. Du coup, on a d\u00fb acheter une mini clim pour pouvoir fermer les fen\u00eatres\u00a0\u00bb<\/strong>, souffle une autre riveraine.<\/p>\n<p><strong>Lire aussi\u00a0:<\/strong>\u00a0<a href=\"https:\/\/rennes.maville.com\/actu\/actudet_-une-voiture-fauche-un-enfant-sur-son-trampoline-et-s-encastre-dans-le-toit-d-une-grange-_53511-6908188_actu.Htm\" rel=\"- noopener\" target=\"_blank\">Une voiture fauche un enfant sur son trampoline et s\u2019encastre dans le toit d\u2019une grange<\/a><\/p>\n<p><strong>\u00ab\u00a0Il me r\u00e9veille \u00e0 4\u00a0h\u00a030 tous les jours, c\u2019est vraiment insupportable. Et oui, il fait bien plus de bruit \u00e0 cette heure-ci que les voitures\u00a0\u00bb<\/strong>, poursuit une internaute.<\/p>\n<p>Des avis tranch\u00e9s, qui ne sont pas partag\u00e9s par tout le monde\u00a0: <strong>\u00ab\u00a0J\u2019habite \u00e9galement rue de Soultz, les fen\u00eatres grandes ouvertes, je n\u2019entends absolument rien du tout concernant ce coq. Et m\u00eame si je l\u2019entendais je trouverais \u00e7a plus agr\u00e9able que le bruit des voitures et des scooters\u2026\u00a0\u00bb<\/strong><\/p>\n<p>\u00ab\u00a0\u00c0 la fois dr\u00f4le et triste\u00a0\u00bb<\/p>\n<p>Interrog\u00e9s par nos confr\u00e8res, des riverains se disent plut\u00f4t favorables \u00e0 ce petit air de campagne en pleine ville\u00a0: <strong>\u00ab\u00a0Je trouve \u00e7a tr\u00e8s bien que les \u00e9tudiants aient install\u00e9 ce poulailler dans le jardin de la r\u00e9sidence. Le chant du coq, \u00e7a rappelle la campagne, moi \u00e7a me pla\u00eet beaucoup, et puis il y a d\u2019autres bruits qui me g\u00eanent beaucoup plus, comme le trafic, les rod\u00e9os en scooter ou les travaux.\u00a0\u00bb<\/strong><\/p>\n<p>D\u2019autres sont m\u00eame interloqu\u00e9s face \u00e0 la pol\u00e9mique\u00a0: <strong>\u00ab\u00a0Je ne comprends pas du tout cette pol\u00e9mique, je la trouve \u00e0 la fois dr\u00f4le et triste, parce qu\u2019il y a d\u2019autres sujets plus int\u00e9ressants.\u00a0\u00bb<\/strong><\/p>\n<p>Pour l\u2019heure, il n\u2019est pas pr\u00e9vu que l\u2019animal quitte son poulailler. Le coq continuera donc de chanter\u2026<\/p>\n<p>\u00a0<\/p>\n","protected":false},"excerpt":{"rendered":"Ces derni\u00e8res ann\u00e9es, les conflits autour des coqs se multiplient. Derni\u00e8rement, les propri\u00e9taires du coq Ricco avaient obtenu&hellip;\n","protected":false},"author":2,"featured_media":278093,"comment_status":"","ping_status":"","sticky":false,"template":"","format":"standard","meta":{"footnotes":""},"categories":[9619],"tags":[11045,15540,1111,11,11898,41746,37924,28350,1777,674,1011,27,4021,7285,12,882,25,35580,2310],"class_list":{"0":"post-278092","1":"post","2":"type-post","3":"status-publish","4":"format-standard","5":"has-post-thumbnail","7":"category-toulon","8":"tag-11045","9":"tag-15540","10":"tag-actu","11":"tag-actualites","12":"tag-centre-ville","13":"tag-chante","14":"tag-coq","15":"tag-divise","16":"tag-eu","17":"tag-europe","18":"tag-fr","19":"tag-france","20":"tag-habitants","21":"tag-jours","22":"tag-news","23":"tag-provence-alpes-cote-dazur","24":"tag-republique-francaise","25":"tag-reveille","26":"tag-toulon"},"share_on_mastodon":{"url":"https:\/\/pubeurope.com\/@fr\/114927033584079544","error":""},"_links":{"self":[{"href":"https:\/\/www.europesays.com\/fr\/wp-json\/wp\/v2\/posts\/278092","targetHints":{"allow":["GET"]}}],"collection":[{"href":"https:\/\/www.europesays.com\/fr\/wp-json\/wp\/v2\/posts"}],"about":[{"href":"https:\/\/www.europesays.com\/fr\/wp-json\/wp\/v2\/types\/post"}],"author":[{"embeddable":true,"href":"https:\/\/www.europesays.com\/fr\/wp-json\/wp\/v2\/users\/2"}],"replies":[{"embeddable":true,"href":"https:\/\/www.europesays.com\/fr\/wp-json\/wp\/v2\/comments?post=278092"}],"version-history":[{"count":0,"href":"https:\/\/www.europesays.com\/fr\/wp-json\/wp\/v2\/posts\/278092\/revisions"}],"wp:featuredmedia":[{"embeddable":true,"href":"https:\/\/www.europesays.com\/fr\/wp-json\/wp\/v2\/media\/278093"}],"wp:attachment":[{"href":"https:\/\/www.europesays.com\/fr\/wp-json\/wp\/v2\/media?parent=278092"}],"wp:term":[{"taxonomy":"category","embeddable":true,"href":"https:\/\/www.europesays.com\/fr\/wp-json\/wp\/v2\/categories?post=278092"},{"taxonomy":"post_tag","embeddable":true,"href":"https:\/\/www.europesays.com\/fr\/wp-json\/wp\/v2\/tags?post=278092"}],"curies":[{"name":"wp","href":"https:\/\/api.w.org\/{rel}","templated":true}]}}