{"id":278096,"date":"2025-07-27T20:22:18","date_gmt":"2025-07-27T20:22:18","guid":{"rendered":"https:\/\/www.europesays.com\/fr\/278096\/"},"modified":"2025-07-27T20:22:18","modified_gmt":"2025-07-27T20:22:18","slug":"balade-sport-cinema-nos-coups-de-coeur-ce-lundi-28-juillet-a-rennes","status":"publish","type":"post","link":"https:\/\/www.europesays.com\/fr\/278096\/","title":{"rendered":"Balade, sport, cin\u00e9ma\u2026 Nos coups de c\u0153ur ce lundi 28\u00a0juillet \u00e0 Rennes"},"content":{"rendered":"<p>Ce lundi, enfilez la tenue de sport et les baskets, du sport et des balades vous attendent \u00e0 <a href=\"https:\/\/rennes.maville.com\/info\/info-locale\/\" target=\"_blank\" rel=\"nofollow noopener\">Rennes<\/a> (Ille-et-Vilaine). Rassurez-vous, nous vous proposons aussi de vous d\u00e9tendre devant un film au cin\u00e9ma, ou au parc du Thabor, \u00e0 la d\u00e9couverte d\u2019une nouvelle exposition.<\/p>\n<p><strong> <strong>Balade et exposition au Thabor<\/strong> <\/strong><\/p>\n<p>Le parc du Thabor \u00e0 Rennes est aussi un lieu d\u2019art. Dans ce grand jardin, la galerie, l\u2019Orangerie offre un espace d\u2019exposition de 85\u00a0m\u00b2 aux artistes. Ici, vous trouverez notamment les \u0153uvres de Vincent de Monpezat et Yann Le Berre qui racontent les ravages caus\u00e9s par la temp\u00eate Ciar\u00e1n, le 31\u00a0octobre 2023. Leur travail a \u00e9t\u00e9 d\u00e9truit par la temp\u00eate. Une \u00e9preuve devenue aujourd\u2019hui le point de d\u00e9part d\u2019une exposition qui explore les notions de r\u00e9sistance, de renouveau et d\u2019espoir, dans le cadre d\u2019Exporama, rendez-vous estival consacr\u00e9 \u00e0 l\u2019art contemporain.<\/p>\n<p><strong>Jusqu\u2019au 31\u00a0ao\u00fbt<\/strong>, 7\u00a0h\u00a030-20\u00a0h\u00a030, orangerie du Thabor, 4 rue de la Palestine, gratuit.<\/p>\n<p><strong> <strong>Cr\u00e9er au Terrain d\u2019aventure<\/strong> <\/strong><\/p>\n<p>Sur le Terrain d\u2019aventure, au sud de Rennes les enfants peuvent laisser libre cours \u00e0 leur imagination. Les petits Rennais et Rennaises ont l\u2019embarras du choix sur le terrain de jeu\u00a0: bricolage, construction de cabanes, jeux, inventions\u2026 En ce moment les enfants peuvent participer \u00e0 la construction de la \u00ab\u00a0Cabane Sensasssss\u00a0\u00bb, un espace sensoriel et inclusif.<\/p>\n<p><strong>Jusqu\u2019au 8\u00a0ao\u00fbt, <\/strong>du\u00a0lundi au vendredi, de 14\u00a0h \u00e0 18\u00a0h, Parc Marc Sangnier, rue Marc Sangnier, gratuit.<\/p>\n<p><strong> <strong>Du cin\u00e9ma sans mod\u00e9ration<\/strong> <\/strong><\/p>\n<p>Le cin\u00e9ma est aussi une activit\u00e9 \u00e0 faire entre amis ou en famille.\u00a0Au Path\u00e9, ou au cin\u00e9ma Arvor, ce lundi, retrouvez la com\u00e9die de Quentin Dupieux, Accident de Piano, avec\u00a0Adele Exarchopoulos, Gabin Visona et J\u00e9r\u00f4me Commandeur \u00e0 16\u00a0h\u00a030 et \u00e0 18\u00a0h\u00a030 au cin\u00e9ma Arvor et \u00e0 19\u00a0h\u00a020 au Path\u00e9. Aux jours qui viennent, un film dramatique de Nathalie Najem\u00a0: 14\u00a0h\u00a050, 17\u00a0h\u00a010, 19\u00a0h\u00a030 au Path\u00e9. Ou encore le film d\u2019animation Am\u00e9lie et la m\u00e9taphysique des tubes,  de Ma\u00eflys Vallade et Liane-Cho Han Jin Kuang \u00e0 13\u00a0h\u00a045 au cin\u00e9ma Arvor. Billet \u00e0\u00a09,70\u00a0\u20ac en plein tarif au cin\u00e9ma <a href=\"https:\/\/www.cinema-arvor.fr\/\" target=\"_blank\" rel=\"nofollow noopener\">Arvor<\/a>, 14,20\u00a0\u20ac en plein tarif au <a href=\"https:\/\/www.pathe.fr\/cinemas\/cinema-pathe-rennes\/filters\/date-2025-07-28\" target=\"_blank\" rel=\"nofollow noopener\">Path\u00e9<\/a>.<\/p>\n<p><strong> <strong>Du sport avec les Quartiers d\u2019\u00e9t\u00e9<\/strong> <\/strong><\/p>\n<p>\u00ab\u00a0<a href=\"https:\/\/rennes.maville.com\/info\/info-locale\/connaissez-vous-berry-plage-rennes-5123665\" target=\"_blank\" rel=\"nofollow noopener\">Berry Plage<\/a>\u00a0\u00bb c\u00e9l\u00e8bre sa 9e \u00e9dition au parc du Berry \u00e0 Villejean avec un \u00e9ventail d\u2019activit\u00e9s. Au programme ce lundi 28\u00a0juillet\u00a0: baby-foot humain, animation myst\u00e8re au Berry, hockey sur gazon, beach-volley et atelier \u00ab\u00a0Les Petits\u00a0\u00bb de 15\u00a0h \u00e0 20\u00a0h. Jusqu\u2019\u00e0 22\u00a0h, diff\u00e9rents sports collectifs seront propos\u00e9s. Animations ouvertes \u00e0 tous et encadr\u00e9es par les animateurs et animatrices du Cercle Paul Bert.<\/p>\n<p><strong>Jusqu\u2019au 31\u00a0juillet<\/strong>, parc du Berry, 14, square du Berry, Villejean, Rennes, 15\u00a0h-22\u00a0h, gratuit, programme disponible <a href=\"https:\/\/cerclepaulbert.asso.fr\/wp-content\/uploads\/2025\/06\/Berry-plage-2025.pdf.\" target=\"_blank\" rel=\"nofollow noopener\">ici<\/a>.<\/p>\n<p><strong> <strong>Les lundis au parc<\/strong> <\/strong><\/p>\n<p>Ce lundi 28\u00a0juillet 2025, tous les retrait\u00e9s sont convi\u00e9s \u00e0 une balade au parc de Maurepas. Chaque lundi apr\u00e8s-midi, en \u00e9t\u00e9, l\u2019OPAR (Observatoire et p\u00f4le d\u2019animation des retrait\u00e9s rennais) propose aux seniors de se retrouver pour une promenade dans les parcs rennais de 14\u00a0h\u00a030 \u00e0 16\u00a0h. L\u2019occasion de faire des rencontres\u00a0! Rendez-vous \u00e0 l\u2019arr\u00eat de bus C2 \u00ab\u00a0Assomption\u00a0\u00bb, (parc de Maurepas) \u00e0 14\u00a0h\u00a030.<\/p>\n<p>\u00a0<\/p>\n","protected":false},"excerpt":{"rendered":"Ce lundi, enfilez la tenue de sport et les baskets, du sport et des balades vous attendent \u00e0&hellip;\n","protected":false},"author":2,"featured_media":278097,"comment_status":"","ping_status":"","sticky":false,"template":"","format":"standard","meta":{"footnotes":""},"categories":[2821],"tags":[8129,1111,11,7552,829,650,854,1777,674,1011,27,2868,9865,12,584,25,517,11489],"class_list":{"0":"post-278096","1":"post","2":"type-post","3":"status-publish","4":"format-standard","5":"has-post-thumbnail","7":"category-rennes","8":"tag-8129","9":"tag-actu","10":"tag-actualites","11":"tag-balade","12":"tag-bretagne","13":"tag-cinema","14":"tag-coups","15":"tag-eu","16":"tag-europe","17":"tag-fr","18":"tag-france","19":"tag-juillet","20":"tag-lundi","21":"tag-news","22":"tag-rennes","23":"tag-republique-francaise","24":"tag-sport","25":"tag-ur"},"share_on_mastodon":{"url":"https:\/\/pubeurope.com\/@fr\/114927065080647066","error":""},"_links":{"self":[{"href":"https:\/\/www.europesays.com\/fr\/wp-json\/wp\/v2\/posts\/278096","targetHints":{"allow":["GET"]}}],"collection":[{"href":"https:\/\/www.europesays.com\/fr\/wp-json\/wp\/v2\/posts"}],"about":[{"href":"https:\/\/www.europesays.com\/fr\/wp-json\/wp\/v2\/types\/post"}],"author":[{"embeddable":true,"href":"https:\/\/www.europesays.com\/fr\/wp-json\/wp\/v2\/users\/2"}],"replies":[{"embeddable":true,"href":"https:\/\/www.europesays.com\/fr\/wp-json\/wp\/v2\/comments?post=278096"}],"version-history":[{"count":0,"href":"https:\/\/www.europesays.com\/fr\/wp-json\/wp\/v2\/posts\/278096\/revisions"}],"wp:featuredmedia":[{"embeddable":true,"href":"https:\/\/www.europesays.com\/fr\/wp-json\/wp\/v2\/media\/278097"}],"wp:attachment":[{"href":"https:\/\/www.europesays.com\/fr\/wp-json\/wp\/v2\/media?parent=278096"}],"wp:term":[{"taxonomy":"category","embeddable":true,"href":"https:\/\/www.europesays.com\/fr\/wp-json\/wp\/v2\/categories?post=278096"},{"taxonomy":"post_tag","embeddable":true,"href":"https:\/\/www.europesays.com\/fr\/wp-json\/wp\/v2\/tags?post=278096"}],"curies":[{"name":"wp","href":"https:\/\/api.w.org\/{rel}","templated":true}]}}