{"id":278098,"date":"2025-07-27T20:23:14","date_gmt":"2025-07-27T20:23:14","guid":{"rendered":"https:\/\/www.europesays.com\/fr\/278098\/"},"modified":"2025-07-27T20:23:14","modified_gmt":"2025-07-27T20:23:14","slug":"a-rennes-un-bouquiniste-menace-de-mort-par-un-homme-qui-prend-la-fuite-en-trottinette","status":"publish","type":"post","link":"https:\/\/www.europesays.com\/fr\/278098\/","title":{"rendered":"\u00c0 Rennes, un bouquiniste menac\u00e9 de mort par un homme qui prend la fuite en trottinette"},"content":{"rendered":"<p>Les faits se sont d\u00e9roul\u00e9s sur le march\u00e9 de la place Sainte-Anne qui se tient le samedi apr\u00e8s-midi. Vers 17 h, un bouquiniste lass\u00e9 de voir un jeune homme consommer des stup\u00e9fiants et en vendre \u00e0 proximit\u00e9 de son \u00e9tal, lui a alors demand\u00e9 de quitter les lieux. M\u00e9content de se voir somm\u00e9 de partir, l\u2019individu a alors menac\u00e9 de mort le vendeur. Alert\u00e9s les policiers de la Brigade sp\u00e9cialis\u00e9e de terrain (BST) sont intervenus pour l\u2019interpeller, mais ce dernier a pris la fuite sur une trottinette \u00e9lectrique d\u00e9brid\u00e9e. \u00c0 l\u2019issue d\u2019une br\u00e8ve course-poursuite dans le centre-ville, le jeune homme a finalement pu \u00eatre arr\u00eat\u00e9 non loin de l\u00e0, rue de Saint-Malo, \u00e0 la hauteur de la cit\u00e9 d\u2019Aleth. Le mineur, \u00e2g\u00e9 de 17 ans a \u00e9t\u00e9 plac\u00e9 en garde \u00e0 vue.<\/p>\n","protected":false},"excerpt":{"rendered":"Les faits se sont d\u00e9roul\u00e9s sur le march\u00e9 de la place Sainte-Anne qui se tient le samedi apr\u00e8s-midi.&hellip;\n","protected":false},"author":2,"featured_media":278099,"comment_status":"","ping_status":"","sticky":false,"template":"","format":"standard","meta":{"footnotes":""},"categories":[2821],"tags":[1111,11,829,765,1777,674,118,1011,27,848,12,584,25],"class_list":{"0":"post-278098","1":"post","2":"type-post","3":"status-publish","4":"format-standard","5":"has-post-thumbnail","7":"category-rennes","8":"tag-actu","9":"tag-actualites","10":"tag-bretagne","11":"tag-en-continu","12":"tag-eu","13":"tag-europe","14":"tag-faits-divers","15":"tag-fr","16":"tag-france","17":"tag-ille-et-vilaine","18":"tag-news","19":"tag-rennes","20":"tag-republique-francaise"},"share_on_mastodon":{"url":"https:\/\/pubeurope.com\/@fr\/114927068969583708","error":""},"_links":{"self":[{"href":"https:\/\/www.europesays.com\/fr\/wp-json\/wp\/v2\/posts\/278098","targetHints":{"allow":["GET"]}}],"collection":[{"href":"https:\/\/www.europesays.com\/fr\/wp-json\/wp\/v2\/posts"}],"about":[{"href":"https:\/\/www.europesays.com\/fr\/wp-json\/wp\/v2\/types\/post"}],"author":[{"embeddable":true,"href":"https:\/\/www.europesays.com\/fr\/wp-json\/wp\/v2\/users\/2"}],"replies":[{"embeddable":true,"href":"https:\/\/www.europesays.com\/fr\/wp-json\/wp\/v2\/comments?post=278098"}],"version-history":[{"count":0,"href":"https:\/\/www.europesays.com\/fr\/wp-json\/wp\/v2\/posts\/278098\/revisions"}],"wp:featuredmedia":[{"embeddable":true,"href":"https:\/\/www.europesays.com\/fr\/wp-json\/wp\/v2\/media\/278099"}],"wp:attachment":[{"href":"https:\/\/www.europesays.com\/fr\/wp-json\/wp\/v2\/media?parent=278098"}],"wp:term":[{"taxonomy":"category","embeddable":true,"href":"https:\/\/www.europesays.com\/fr\/wp-json\/wp\/v2\/categories?post=278098"},{"taxonomy":"post_tag","embeddable":true,"href":"https:\/\/www.europesays.com\/fr\/wp-json\/wp\/v2\/tags?post=278098"}],"curies":[{"name":"wp","href":"https:\/\/api.w.org\/{rel}","templated":true}]}}