{"id":2781,"date":"2025-04-04T13:28:23","date_gmt":"2025-04-04T13:28:23","guid":{"rendered":"https:\/\/www.europesays.com\/fr\/2781\/"},"modified":"2025-04-04T13:28:23","modified_gmt":"2025-04-04T13:28:23","slug":"a-lorigine-chelsea-green-devait-remporter-son-titre-etats-unis-lors-de-wwe-survivor-series-wargames-2024","status":"publish","type":"post","link":"https:\/\/www.europesays.com\/fr\/2781\/","title":{"rendered":"\u00c0 l\u2019origine, Chelsea Green devait remporter son titre \u00c9tats-Unis lors de WWE Survivor Series Wargames 2024"},"content":{"rendered":"<p>\u00a0<\/p>\n<p style=\"text-align: justify;\">Lors du WWE Saturday Night&rsquo;s Main Event en d\u00e9cembre 2024, Chelsea Green a remport\u00e9 son premier titre en solo \u00e0 la WWE, en battant Michin.<\/p>\n<p style=\"text-align: justify;\">Dans une interview avec \u00ab\u00a0Click And Tell\u00a0\u00bb, Chelsea est revenue sur sa victoire, r\u00e9v\u00e9lant qu&rsquo;elle devait initialement remporter le championnat aux Survivor Series 2024, qui se sont d\u00e9roul\u00e9es \u00e0 Vancouver, au Canada.<\/p>\n<p style=\"text-align: justify;\">Elle d\u00e9clare :<\/p>\n<blockquote><p>&#13;<\/p>\n<p style=\"text-align: justify;\"><strong>\u00ab C&rsquo;\u00e9tait cens\u00e9 \u00eatre \u00e0 Vancouver pour de nombreuses raisons. C&rsquo;\u00e9tait d\u00e9j\u00e0 le plus grand moment de ma carri\u00e8re, mais que mes amis et ma famille soient l\u00e0 et que ce soit dans ma ville natale, \u00e7a aurait \u00e9t\u00e9 du jamais vu. Les gens n&rsquo;ont pas l&rsquo;occasion de vivre ce genre de moments. Alors quand on me l&rsquo;a enlev\u00e9, j&rsquo;ai eu le c\u0153ur bris\u00e9. J&rsquo;avais encore tous mes amis et ma famille aux Survivor Series, mais je n&rsquo;\u00e9tais pas dans la carte. C&rsquo;\u00e9tait vraiment un moment de&#8230; Comment ? Cela a un peu refroidi les choses jusqu&rsquo;\u00e0 ce que j&rsquo;apprenne que l&rsquo;\u00e9mission allait se d\u00e9rouler \u00e0 Long Island. C&rsquo;est la ville natale de mon mari. Si ce n&rsquo;\u00e9tait pas dans ma ville natale, au moins c&rsquo;\u00e9tait \u00e0 Long Island, avec toute ma belle-famille. Tous les membres de ma famille ont quand m\u00eame pris l&rsquo;avion et c&rsquo;\u00e9tait le moment id\u00e9al. Le public \u00e9tait incroyable. Ils ont scand\u00e9 mon nom tout le temps, du d\u00e9but \u00e0 la fin.\u00a0\u00bb<\/strong><\/p>\n<p>&#13;\n<\/p><\/blockquote>\n<p style=\"text-align: justify;\">Chelsea Green n\u2019est toujours pas annonc\u00e9 pour le gros \u00e9v\u00e9nement de l\u2019ann\u00e9e, WWE WrestleMania 41.<\/p>\n<p style=\"text-align: right;\">Cr\u00e9dit photo : WWE<\/p>\n","protected":false},"excerpt":{"rendered":"\u00a0 Lors du WWE Saturday Night&rsquo;s Main Event en d\u00e9cembre 2024, Chelsea Green a remport\u00e9 son premier titre&hellip;\n","protected":false},"author":2,"featured_media":2782,"comment_status":"","ping_status":"","sticky":false,"template":"","format":"standard","meta":{"footnotes":""},"categories":[1589],"tags":[47,11,73,1866,12,2043,2054,2055,2052,2057,2058,2053,2059,1864,1865,1863,308,2056,2051],"class_list":{"0":"post-2781","1":"post","2":"type-post","3":"status-publish","4":"format-standard","5":"has-post-thumbnail","7":"category-etats-unis","8":"tag-actualite","9":"tag-actualites","10":"tag-etats-unis","11":"tag-etats-unis-damerique","12":"tag-news","13":"tag-nouvelle","14":"tag-nxt","15":"tag-ppv","16":"tag-raw","17":"tag-royal","18":"tag-rumble","19":"tag-smackdown","20":"tag-summerslam","21":"tag-united-states","22":"tag-united-states-of-america","23":"tag-us","24":"tag-usa","25":"tag-wrestlemania","26":"tag-wwe"},"share_on_mastodon":{"url":"https:\/\/pubeurope.com\/@fr\/114279934008104498","error":""},"_links":{"self":[{"href":"https:\/\/www.europesays.com\/fr\/wp-json\/wp\/v2\/posts\/2781","targetHints":{"allow":["GET"]}}],"collection":[{"href":"https:\/\/www.europesays.com\/fr\/wp-json\/wp\/v2\/posts"}],"about":[{"href":"https:\/\/www.europesays.com\/fr\/wp-json\/wp\/v2\/types\/post"}],"author":[{"embeddable":true,"href":"https:\/\/www.europesays.com\/fr\/wp-json\/wp\/v2\/users\/2"}],"replies":[{"embeddable":true,"href":"https:\/\/www.europesays.com\/fr\/wp-json\/wp\/v2\/comments?post=2781"}],"version-history":[{"count":0,"href":"https:\/\/www.europesays.com\/fr\/wp-json\/wp\/v2\/posts\/2781\/revisions"}],"wp:featuredmedia":[{"embeddable":true,"href":"https:\/\/www.europesays.com\/fr\/wp-json\/wp\/v2\/media\/2782"}],"wp:attachment":[{"href":"https:\/\/www.europesays.com\/fr\/wp-json\/wp\/v2\/media?parent=2781"}],"wp:term":[{"taxonomy":"category","embeddable":true,"href":"https:\/\/www.europesays.com\/fr\/wp-json\/wp\/v2\/categories?post=2781"},{"taxonomy":"post_tag","embeddable":true,"href":"https:\/\/www.europesays.com\/fr\/wp-json\/wp\/v2\/tags?post=2781"}],"curies":[{"name":"wp","href":"https:\/\/api.w.org\/{rel}","templated":true}]}}