{"id":278103,"date":"2025-07-27T20:27:11","date_gmt":"2025-07-27T20:27:11","guid":{"rendered":"https:\/\/www.europesays.com\/fr\/278103\/"},"modified":"2025-07-27T20:27:11","modified_gmt":"2025-07-27T20:27:11","slug":"record-historique-daffluence-pour-le-nice-jazz-fest-2025-avec-44-000-entrees-decouvrez-les-dates-de-ledition-2026","status":"publish","type":"post","link":"https:\/\/www.europesays.com\/fr\/278103\/","title":{"rendered":"\u00ab\u00a0Record historique\u00a0\u00bb d&rsquo;affluence pour le Nice Jazz Fest 2025 avec 44.000 entr\u00e9es, d\u00e9couvrez les dates de l&rsquo;\u00e9dition 2026"},"content":{"rendered":"<p>\u00ab\u00a0Des chiffres jamais atteints: nous avons enregistr\u00e9 44.000 entr\u00e9es pour cette \u00e9dition 2025 du Nice Jazz Fest.\u00a0\u00bb Au moment de d\u00e9voiler \u00ab\u00a0ce record historique\u00a0\u00bb, Christian Estrosi ne boude pas son plaisir.<\/p>\n<p>Large sourire, baskets d\u00e9cor\u00e9es aux couleurs de Nice \u2013 \u00ab\u00a0un cadeau de mon \u00e9pouse\u00a0\u00bb, pr\u00e9cise-t-il en souriant \u2013 le maire est ravi.<\/p>\n<p>Et il encha\u00eene avec les r\u00e9v\u00e9lations: \u00ab\u00a0Les dates pour 2026 ont \u00e9t\u00e9 arr\u00eat\u00e9es: le Nice Jazz Fest se d\u00e9roulera du 23 au 26 juillet.\u00a0\u00bb<\/p>\n<p>La billetterie devrait \u00eatre ouverte <strong>d\u00e8s ce lundi 28 juillet 2025<\/strong>.<\/p>\n<p>\u00ab\u00a0Une dimension familiale\u00a0\u00bb<\/p>\n<p>L\u2019\u00e9lu a profit\u00e9 de la derni\u00e8re soir\u00e9e pour distribuer les f\u00e9licitations.<\/p>\n<p>D\u2019abord \u00e0 S\u00e9bastien Vidal, le directeur artistique \u00ab\u00a0qui nous d\u00e9croche \u00e0 chaque fois les plus belles pointures, cette fois 28 artistes de toutes les nationalit\u00e9s. Et ce n&rsquo;est pas facile quand on est une collectivit\u00e9 et pas une organisation priv\u00e9e de faire venir les plus grands. C&rsquo;est d&rsquo;une complexit\u00e9 inou\u00efe, mais les r\u00e9sultats sont l\u00e0.\u00a0\u00bb<\/p>\n<p>Car Christian Estrosi n&rsquo;a pas manqu\u00e9 de rappeler que le festival a \u00e9t\u00e9 repris en r\u00e9gie depuis 2011. \u00ab\u00a0Depuis, nous avons une ascension constante.\u00a0\u00bb<\/p>\n<p>Il ne compte s\u2019endormir sur ses lauriers. \u00a0\u00bb On va continuer sur notre lanc\u00e9e. D&rsquo;ailleurs je suis ravi de ce nouvel espace de La Merenda invent\u00e9 par mon adjoint Graig Monetti. Entre \u00e7a, l\u2019espace Kids Club et la s\u00e9curit\u00e9 au plus haut niveau, nous avons imprim\u00e9 une dimension familiale qui pla\u00eet aux spectateurs et aux Ni\u00e7ois.\u00a0\u00bb<\/p>\n<p>Le mot de la fin est pour Graig Monetti: \u00ab\u00a0Le plus vieux festival de jazz du monde est en train de devenir le plus grand\u00a0\u00bb.<\/p>\n","protected":false},"excerpt":{"rendered":"\u00ab\u00a0Des chiffres jamais atteints: nous avons enregistr\u00e9 44.000 entr\u00e9es pour cette \u00e9dition 2025 du Nice Jazz Fest.\u00a0\u00bb Au&hellip;\n","protected":false},"author":2,"featured_media":278104,"comment_status":"","ping_status":"","sticky":false,"template":"","format":"standard","meta":{"footnotes":""},"categories":[2819],"tags":[1111,11,4156,251,1777,674,1011,27,12,2401,882,25],"class_list":{"0":"post-278103","1":"post","2":"type-post","3":"status-publish","4":"format-standard","5":"has-post-thumbnail","7":"category-nice","8":"tag-actu","9":"tag-actualites","10":"tag-concerts","11":"tag-culture","12":"tag-eu","13":"tag-europe","14":"tag-fr","15":"tag-france","16":"tag-news","17":"tag-nice","18":"tag-provence-alpes-cote-dazur","19":"tag-republique-francaise"},"share_on_mastodon":{"url":"https:\/\/pubeurope.com\/@fr\/114927084742315094","error":""},"_links":{"self":[{"href":"https:\/\/www.europesays.com\/fr\/wp-json\/wp\/v2\/posts\/278103","targetHints":{"allow":["GET"]}}],"collection":[{"href":"https:\/\/www.europesays.com\/fr\/wp-json\/wp\/v2\/posts"}],"about":[{"href":"https:\/\/www.europesays.com\/fr\/wp-json\/wp\/v2\/types\/post"}],"author":[{"embeddable":true,"href":"https:\/\/www.europesays.com\/fr\/wp-json\/wp\/v2\/users\/2"}],"replies":[{"embeddable":true,"href":"https:\/\/www.europesays.com\/fr\/wp-json\/wp\/v2\/comments?post=278103"}],"version-history":[{"count":0,"href":"https:\/\/www.europesays.com\/fr\/wp-json\/wp\/v2\/posts\/278103\/revisions"}],"wp:featuredmedia":[{"embeddable":true,"href":"https:\/\/www.europesays.com\/fr\/wp-json\/wp\/v2\/media\/278104"}],"wp:attachment":[{"href":"https:\/\/www.europesays.com\/fr\/wp-json\/wp\/v2\/media?parent=278103"}],"wp:term":[{"taxonomy":"category","embeddable":true,"href":"https:\/\/www.europesays.com\/fr\/wp-json\/wp\/v2\/categories?post=278103"},{"taxonomy":"post_tag","embeddable":true,"href":"https:\/\/www.europesays.com\/fr\/wp-json\/wp\/v2\/tags?post=278103"}],"curies":[{"name":"wp","href":"https:\/\/api.w.org\/{rel}","templated":true}]}}