{"id":278105,"date":"2025-07-27T20:28:20","date_gmt":"2025-07-27T20:28:20","guid":{"rendered":"https:\/\/www.europesays.com\/fr\/278105\/"},"modified":"2025-07-27T20:28:20","modified_gmt":"2025-07-27T20:28:20","slug":"en-loire-atlantique-un-parc-eolien-pourra-sortir-de-terre-de-terre-pas-lautre-2","status":"publish","type":"post","link":"https:\/\/www.europesays.com\/fr\/278105\/","title":{"rendered":"En Loire-Atlantique, un parc \u00e9olien pourra sortir de terre de terre, pas l\u2019autre"},"content":{"rendered":"<tr wp_automatic_readability=\"4.8728813559322\">\n<td valign=\"middle\" align=\"center\" class=\"col-logo\">\n    <img decoding=\"async\" src=\"https:\/\/www.europesays.com\/fr\/wp-content\/uploads\/2025\/04\/presse-ocean.gif\" alt=\"logo Presse-Oc\u00e9an\" height=\"66\"\/><\/p>\n<\/td>\n<td class=\"col-titre\">\n\t\t\tDimanche 27 juillet 2025 16:35<br \/>\n\t\t\t<a class=\"icon-bulle sizeL count\" href=\"#ancreAvis\"><br \/>\n\t&#8230;<br \/>\n<\/a><\/td>\n<\/tr>\n<p>\t\t<a class=\"mavillebox2 elmt-photo\" href=\"https:\/\/maville.com\/photosmvi\/2025\/07\/27\/P35377274D6915411G.jpg\" title=\" \u00c9oliennes\u00a0: c\u2019est oui \u00e0 Chaumes-en-Retz, non \u00e0 Teill\u00e9 et Trans-sur-Erdre.  \u00a9  Photo archives CO  &lt;!--TAG-BLC credit--&gt;\" rel=\"galerie_actu noopener\" target=\"_blank\"><br \/>\n\t<img decoding=\"async\" src=\"https:\/\/www.europesays.com\/fr\/wp-content\/uploads\/2025\/07\/P35377274D6915411G_crop_640-330_.jpg\" alt=\"photo  \u00e9oliennes\u00a0: c\u2019est oui \u00e0 chaumes-en-retz, non \u00e0 teill\u00e9 et trans-sur-erdre.  \u00a9  photo archives co \"\/><br \/>\n\t1<br \/>\n<\/a><\/p>\n<p class=\"elmt-legende\"> \u00c9oliennes\u00a0: c\u2019est oui \u00e0 Chaumes-en-Retz, non \u00e0 Teill\u00e9 et Trans-sur-Erdre.  \u00a9  Photo archives CO  <\/p>\n<p>\t\tLa cour d\u2019appel administrative de Nantes a rendu deux d\u00e9cisions en juillet concernant des arr\u00eat\u00e9s d\u2019autorisation de parcs \u00e9oliens sur le d\u00e9partement. C\u2019est non pour l\u2019une, dans le Pays d\u2019Ancenis, oui pour l\u2019autre, dans le Pays de Retz.<\/p>\n<p><b>Cet article est r\u00e9serv\u00e9 aux abonn\u00e9s<\/b><\/p>\n<p>Pour un acc\u00e8s imm\u00e9diat, abonnez-vous<\/p>\n<p><b>1\u00e8re semaine offerte<\/b><\/p>\n<p>\t\t Emilie Plantard \u00a0\u00a0<br \/>\n\t\tPresse-Oc\u00e9an<\/p>\n<p>Retrouvez d&rsquo;autres actus sur les communes de :<\/p>\n<p>\t\t&#13;<\/p>\n","protected":false},"excerpt":{"rendered":"Dimanche 27 juillet 2025 16:35 &#8230; 1 \u00c9oliennes\u00a0: c\u2019est oui \u00e0 Chaumes-en-Retz, non \u00e0 Teill\u00e9 et Trans-sur-Erdre. \u00a9&hellip;\n","protected":false},"author":2,"featured_media":277776,"comment_status":"","ping_status":"","sticky":false,"template":"","format":"standard","meta":{"footnotes":""},"categories":[2818],"tags":[1111,11,18315,1777,674,1011,27,3047,766,12,153,2636,25,4251,4505],"class_list":{"0":"post-278105","1":"post","2":"type-post","3":"status-publish","4":"format-standard","5":"has-post-thumbnail","7":"category-nantes","8":"tag-actu","9":"tag-actualites","10":"tag-eolien","11":"tag-eu","12":"tag-europe","13":"tag-fr","14":"tag-france","15":"tag-loire-atlantique","16":"tag-nantes","17":"tag-news","18":"tag-parc","19":"tag-pays-de-la-loire","20":"tag-republique-francaise","21":"tag-sortir","22":"tag-terre"},"share_on_mastodon":{"url":"https:\/\/pubeurope.com\/@fr\/114927088715662323","error":""},"_links":{"self":[{"href":"https:\/\/www.europesays.com\/fr\/wp-json\/wp\/v2\/posts\/278105","targetHints":{"allow":["GET"]}}],"collection":[{"href":"https:\/\/www.europesays.com\/fr\/wp-json\/wp\/v2\/posts"}],"about":[{"href":"https:\/\/www.europesays.com\/fr\/wp-json\/wp\/v2\/types\/post"}],"author":[{"embeddable":true,"href":"https:\/\/www.europesays.com\/fr\/wp-json\/wp\/v2\/users\/2"}],"replies":[{"embeddable":true,"href":"https:\/\/www.europesays.com\/fr\/wp-json\/wp\/v2\/comments?post=278105"}],"version-history":[{"count":0,"href":"https:\/\/www.europesays.com\/fr\/wp-json\/wp\/v2\/posts\/278105\/revisions"}],"wp:featuredmedia":[{"embeddable":true,"href":"https:\/\/www.europesays.com\/fr\/wp-json\/wp\/v2\/media\/277776"}],"wp:attachment":[{"href":"https:\/\/www.europesays.com\/fr\/wp-json\/wp\/v2\/media?parent=278105"}],"wp:term":[{"taxonomy":"category","embeddable":true,"href":"https:\/\/www.europesays.com\/fr\/wp-json\/wp\/v2\/categories?post=278105"},{"taxonomy":"post_tag","embeddable":true,"href":"https:\/\/www.europesays.com\/fr\/wp-json\/wp\/v2\/tags?post=278105"}],"curies":[{"name":"wp","href":"https:\/\/api.w.org\/{rel}","templated":true}]}}