{"id":27811,"date":"2025-04-15T23:04:14","date_gmt":"2025-04-15T23:04:14","guid":{"rendered":"https:\/\/www.europesays.com\/fr\/27811\/"},"modified":"2025-04-15T23:04:14","modified_gmt":"2025-04-15T23:04:14","slug":"paques-notre-selection-de-10-chasses-aux-oeufs-pour-les-enfants-autour-de-lille","status":"publish","type":"post","link":"https:\/\/www.europesays.com\/fr\/27811\/","title":{"rendered":"P\u00e2ques. Notre s\u00e9lection de 10 chasses aux \u0153ufs pour les enfants, autour de Lille"},"content":{"rendered":"<p>            Par<br \/>\n        <strong><br \/>\n            <a href=\"https:\/\/actu.fr\/auteur\/hervine-mahaud\" title=\"Consulter tous les articles de Hervine Mahaud\" target=\"_blank\" rel=\"noopener\">Hervine Mahaud<\/a><br \/>\n        <\/strong><\/p>\n<p>        Publi\u00e9 le<\/p>\n<p>            15 avr. 2025 \u00e0 17h06        <\/p>\n<p>\u00c7a va \u00eatre l&rsquo;\u00a0\u00bboeuf-orie\u00a0\u00bb ce week-end ! Pour <a href=\"https:\/\/actu.fr\/tag\/paques\" target=\"_blank\" rel=\"noopener\"><b>P\u00e2ques<\/b><\/a>, de nombreuses <b>chasses aux \u0153ufs<\/b> sont organis\u00e9es dans la <b>m\u00e9tropole de <a href=\"https:\/\/actu.fr\/hauts-de-france\/lille_59350\" target=\"_blank\" rel=\"noopener\">Lille<\/a><\/b>. Les petits et les grands vont pourvoir s\u2019en donner \u00e0 c\u0153ur joie, et il sera possible de repartir les bras charg\u00e9s de <b>chocolats<\/b>. Voici notre s\u00e9lection des <b>10 \u00e9v\u00e9nements<\/b>, organis\u00e9s<b> samedi 19, dimanche 20 et lundi 21 avril 2025<\/b>.<\/p>\n<p>10 id\u00e9es de sorties pour la chasse aux oeufs<\/p>\n<ul class=\" wall-content\">\n<li><b>Chasse aux \u0153ufs au parc JB Lebas, \u00e0 Lille<\/b><\/li>\n<\/ul>\n<p class=\" wall-content\">L\u2019association Cr\u00e9a\u2019Queer organise une chasse aux \u0153ufs dimanche 20 avril \u00e0 15h au parc JB Lebas, \u00e0 Lille. \u00ab\u00a0Viens trouver des \u0153ufs remplis de petites cr\u00e9ations d\u2019artistes et de chocolat. On aura cach\u00e9 d\u2019avance des \u0153ufs dans le parc, on fera une chasse aux \u0153ufs et un go\u00fbter pour se poser et discuter, et on finira vers 17h\u00a0\u00bb, explique l\u2019association. Plus d\u2019infos sur la <a href=\"https:\/\/www.facebook.com\/events\/642033551796913\/\" target=\"_blank\" rel=\"noopener\">page Facebook de l\u2019\u00e9v\u00e9nement<\/a>. Adresse : boulevard Jean-Baptiste Lebas, Lille.<\/p>\n<ul class=\" wall-content\">\n<li><b>Au Mus\u00e9e de Plein Air de Villeneuve-d\u2019Ascq<\/b><\/li>\n<\/ul>\n<p class=\" wall-content\">Des \u0153ufs particuliers venant des poules de Bourbourg ont disparu ! Retrouvez-les dans les all\u00e9es des chaumi\u00e8res du Mus\u00e9e et rencontrez leurs myst\u00e9rieux habitants. Pour les plus petits, une chasse aux \u0153ufs aura lieu dans notre jardin m\u00e9dicinal ! Rendez-vous dimanche 20 et lundi 21 avril \u00e0 partir de 11h. Tarifs : plein 5\u20ac\/r\u00e9duit 3\u20ac\/famille 15\u20ac. Programme complet et r\u00e9servations <a href=\"https:\/\/enm.lillemetropole.fr\/evenements\/la-chasse-aux-oeufs-5013012\" target=\"_blank\" rel=\"noopener\">en cliquant ici<\/a>. Adresse : 143 rue Colbert, Villeneuve-d\u2019Ascq.<\/p>\n<p>Vid\u00e9os : en ce moment sur Actu<\/p>\n<ul class=\" wall-content\">\n<li><b>Chasse aux \u0153ufs et animations \u00e0 la Ferme du Mont Saint-Jean \u00e0 Halluin<\/b><\/li>\n<\/ul>\n<p class=\" wall-content\">Chasse aux \u0153ufs pour les 3-10 ans le lundi 21 avril \u00e0 11h30, 14h et 16h (2\u20ac par enfant, inscription obligatoire \u00e0 l\u2019accueil du centre social). Spectacle \u00ab\u00a0Les Emplum\u00e9s\u00a0\u00bb (Cie L\u2019Estafette) \u00e0 13h et 15h. Concerts : Solene Sings &amp; No Name \u00e0 17h. Animations en continu : jeux gonflables, maquillage, kermesse; d\u00e9ambulation de princesses avec \u00ab\u00a0Invite ton R\u00eave\u00a0\u00bb. Buvette et petite restauration sur place. Plus d\u2019infos sur la <a href=\"https:\/\/www.facebook.com\/events\/1130861242120849\/\" target=\"_blank\" rel=\"noopener\">page Facebook de l\u2019\u00e9v\u00e9nement<\/a>. Adresse : \u00a07 Chemin d\u2019Eau, Halluin.<\/p>\n<ul class=\" wall-content\">\n<li><b>Chasse aux \u0153ufs \u00e0 l\u2019a\u00e9rodrome de Bondues<\/b><\/li>\n<\/ul>\n<p class=\" wall-content\">Une chasse aux \u0153ufs est organis\u00e9e sur l\u2019a\u00e9rodrome le samedi 19 avril de 10h \u00e0 12h. Plus d\u2019infos sur la <a href=\"https:\/\/www.facebook.com\/events\/921317346535982\/\" target=\"_blank\" rel=\"noopener\">page Facebook de l\u2019\u00e9v\u00e9nement<\/a>. Adresse :\u00a0avenue du G\u00e9n\u00e9ral de Gaulle, Bondues.<\/p>\n<ul class=\" wall-content\">\n<li><b>Chasse aux \u0153ufs m\u00e9di\u00e9vale \u00e0 la Maison des Enfants<\/b><\/li>\n<\/ul>\n<p class=\" wall-content\">Pour P\u00e2ques, un concept \u00e9tonnant de kermesse m\u00e9di\u00e9vale est organis\u00e9 \u00e0 la Maison des Enfants, structure de la ville de Lomme. Samedi et dimanche, il sera possible de tirer \u00e0 l\u2019arbal\u00e8te, de jouer \u00e0 des jeux d\u2019\u00e9poque et de chasser des \u0153ufs. \u00ab\u00a0Les enfants costum\u00e9s sur le th\u00e8me m\u00e9di\u00e9val repartiront avec un cadeau tout droit sorti des coffres du ch\u00e2teau\u00a0\u00bb, annonce le Secours Populaire de Lomme, qui organise l\u2019\u00e9v\u00e9nement. Rendez-vous au parc de la Maison des Enfants samedi 19 avril de 14h \u00e0 18h et dimanche 20 avril de 10h \u00e0 18h. L\u2019entr\u00e9e est de 3 \u20ac par personne et permettra de financer la \u00ab\u00a0Journ\u00e9e des oubli\u00e9s des vacances\u00a0\u00bb en ao\u00fbt, qui permet d\u2019emmener dans une chouette destination les enfants qui n\u2019ont pas eu la chance de partir en vacances. Plus d\u2019infos dans <a href=\"https:\/\/actu.fr\/hauts-de-france\/lille_59350\/paques-arbalete-cottes-de-maille-et-chasse-aux-oeufs-a-lomme-une-grande-kermesse-medievale_62476995.html\" target=\"_blank\" rel=\"noopener\">notre article consacr\u00e9 \u00e0 l\u2019\u00e9v\u00e9nement<\/a>. Adresse : 796 avenue de Dunkerque, Lille.<\/p>\n<p class=\" wall-content\"><b>Chasse aux \u0153ufs au parc de l\u2019Yser \u00e0 Tourcoing<\/b><\/p>\n<p class=\" wall-content\">L\u2019association du Pont de Neuville organise sa traditionnelle chasse aux \u0153ufs au parc de l\u2019Yser samedi 19 avril de 15h30 a 17h. Rendez-vous \u00e0 la rotonde, au fond du parc, pour participer \u00e0 cet \u00e9v\u00e8nement. Les inscriptions commencent \u00e0 14h30 et la chasse sera ouverte \u00e0 15h30. Pour 5 \u0153ufs collect\u00e9s, un sachet d\u2019oeufs en chocolat sera offert. Diff\u00e9rents parcours sont propos\u00e9s : de 0 \u00e0 6 ans et de 7 \u00e0 11 ans. Tarif : 1\u20ac. Plus d\u2019infos sur la <a href=\"https:\/\/www.facebook.com\/events\/1404185104274224\/\" target=\"_blank\" rel=\"noopener\">page Facebook de l\u2019\u00e9v\u00e9nement<\/a>.<\/p>\n<ul class=\" wall-content\">\n<li><b>Chasse aux \u0153ufs au jardin partag\u00e9 d\u2019Armenti\u00e8res<\/b><\/li>\n<\/ul>\n<p class=\" wall-content\">Le club L\u00e9o Lagrange pr\u00e9voit \u00ab\u00a0un apr\u00e8s-midi magique, des ateliers, des rires et plein de chocolat\u00a0\u00bb, samedi 19 avril de 14h \u00e0 17h. Direction le jardin partag\u00e9 d\u2019Armenti\u00e8res pour participer \u00e0 la chasse aux \u0153ufs. Plus d\u2019infos sur la <a href=\"https:\/\/www.facebook.com\/events\/9808849165844249\/\" target=\"_blank\" rel=\"noopener\">page Facebook de l\u2019\u00e9v\u00e9nement<\/a>. Adresse : Impasse des Jardiniers, 9 rue de Metz, Armenti\u00e8res.<\/p>\n<ul class=\" wall-content\">\n<li><b>Chasse aux \u0153ufs au jardin public d\u2019Haubourdin<\/b><\/li>\n<\/ul>\n<p class=\" wall-content\">Comme chaque ann\u00e9e, le Conseil Municipal des enfants d\u2019Haubourdin organise sa traditionnelle chasse aux \u0153ufs. Rendez-vous au jardin public, lundi 21 avril de 10h \u00e0 12h, pour une matin\u00e9e pleine d\u2019aventures, de jeux et de gourmandises, pens\u00e9e pour les enfants de 2 \u00e0 12 ans. Deux parcours sont propos\u00e9s : parcours des Petits Explorateurs (2-5 ans) parfait pour une premi\u00e8re chasse aux \u0153ufs ; le Fort du CME (6-12 ans), un parcours-jeu plein de d\u00e9fis, d\u2019indices \u00e0 r\u00e9soudre et de tr\u00e9sors \u00e0 trouver. Plus d\u2019infos sur la <a href=\"https:\/\/www.facebook.com\/events\/1407957640619014\/\" target=\"_blank\" rel=\"noopener\">page Facebook de l\u2019\u00e9v\u00e9nement<\/a>. Adresse : rue du Mar\u00e9chal Leclerc, Haubourdin.<\/p>\n<ul class=\" wall-content\">\n<li><b>Chasse aux \u0153ufs \u00e0 la base de la Louvi\u00e8re \u00e0 Don<\/b><\/li>\n<\/ul>\n<p class=\" wall-content\">La traditionnelle chasse aux \u0152ufs de P\u00e2ques est de retour ! Les enfants ont rendez-vous aux enfants, \u00e9quip\u00e9s de leur panier, lundi 21 avril \u00e0 10h30 pr\u00e9cise, dans les bois des \u00e9tangs de la Louvi\u00e8re \u00e0 Don. Plus d\u2019infos sur la <a href=\"https:\/\/www.facebook.com\/events\/1410836936619886\/\" target=\"_blank\" rel=\"noopener\">page Facebook de l\u2019\u00e9v\u00e9nement<\/a>.<\/p>\n<ul class=\" wall-content\">\n<li><b>Chasse aux \u0153ufs \u00e0 l\u2019Oasis des Lauriers \u00e0 Wasquehal<\/b><\/li>\n<\/ul>\n<p class=\" wall-content\">L\u2019Oasis des Lauriers propose une grande chasse aux \u0153ufs pour P\u00e2ques. \u00ab\u00a0Chez nous, les enfants ne chassent pas des \u0153ufs en chocolat, mais des \u0153ufs en bois d\u00e9cor\u00e9s \u00e0 \u00e9changer ensuite. Tous les enfants repartent avec la m\u00eame quantit\u00e9 de chocolats. Aucun d\u00e9\u00e7u\u00a0\u00bb, d\u00e9taille l\u2019organisateur.\u00a0<\/p>\n<p class=\" wall-content\">Sur place, il y aura \u00e9galement de quoi satisfaire les plus grands, avec petite restauration le midi, boissons \u00e0 la buvette et terrains de p\u00e9tanque.\u00a0<\/p>\n<p class=\" wall-content\">Plusieurs cr\u00e9neaux sont propos\u00e9s, samedi, dimanche et lundi. Inscription obligatoire <a href=\"https:\/\/www.helloasso.com\/associations\/oasis-des-lauriers\/evenements\/chasse-aux-oeufs-a-l-oasis-des-lauriers-2025\" target=\"_blank\" rel=\"noopener\">en cliquant ici<\/a>. Tarif unique\u00a0de 5\u20ac par enfant. Plus d\u2019infos sur la <a href=\"https:\/\/www.facebook.com\/events\/694899893106491\/\" target=\"_blank\" rel=\"noopener\">page Facebook de l\u2019\u00e9v\u00e9nement<\/a>. Adresse : 1 ter sentier du Laurier, Wasquehal.<\/p>\n<p class=\" wall-content\">Suivez toute l\u2019actualit\u00e9 de vos villes et m\u00e9dias favoris en vous inscrivant \u00e0 <a href=\"https:\/\/moncompte.actu.fr\" title=\"D\u00e9couvez Mon Actu\" rel=\"nofollow noopener\" data-trk=\"{&quot;cta&quot;:{&quot;action&quot;:&quot;https:\\\/\\\/moncompte.actu.fr&quot;,&quot;category&quot;:&quot;mon compte&quot;,&quot;from&quot;:&quot;article footer&quot;,&quot;name&quot;:&quot;Mon actu&quot;,&quot;type&quot;:&quot;cta&quot;}}\" target=\"_blank\">Mon Actu<\/a>.<\/p>\n","protected":false},"excerpt":{"rendered":"Par Hervine Mahaud Publi\u00e9 le 15 avr. 2025 \u00e0 17h06 \u00c7a va \u00eatre l&rsquo;\u00a0\u00bboeuf-orie\u00a0\u00bb ce week-end ! Pour&hellip;\n","protected":false},"author":2,"featured_media":27812,"comment_status":"","ping_status":"","sticky":false,"template":"","format":"standard","meta":{"footnotes":""},"categories":[2815],"tags":[1111,11,1719,1777,674,1011,27,811,1307,1652,12,4769,25],"class_list":{"0":"post-27811","1":"post","2":"type-post","3":"status-publish","4":"format-standard","5":"has-post-thumbnail","7":"category-lille","8":"tag-actu","9":"tag-actualites","10":"tag-enfants","11":"tag-eu","12":"tag-europe","13":"tag-fr","14":"tag-france","15":"tag-hauts-de-france","16":"tag-lille","17":"tag-loisirs-culture","18":"tag-news","19":"tag-paques","20":"tag-republique-francaise"},"share_on_mastodon":{"url":"https:\/\/pubeurope.com\/@fr\/114344484197239025","error":""},"_links":{"self":[{"href":"https:\/\/www.europesays.com\/fr\/wp-json\/wp\/v2\/posts\/27811","targetHints":{"allow":["GET"]}}],"collection":[{"href":"https:\/\/www.europesays.com\/fr\/wp-json\/wp\/v2\/posts"}],"about":[{"href":"https:\/\/www.europesays.com\/fr\/wp-json\/wp\/v2\/types\/post"}],"author":[{"embeddable":true,"href":"https:\/\/www.europesays.com\/fr\/wp-json\/wp\/v2\/users\/2"}],"replies":[{"embeddable":true,"href":"https:\/\/www.europesays.com\/fr\/wp-json\/wp\/v2\/comments?post=27811"}],"version-history":[{"count":0,"href":"https:\/\/www.europesays.com\/fr\/wp-json\/wp\/v2\/posts\/27811\/revisions"}],"wp:featuredmedia":[{"embeddable":true,"href":"https:\/\/www.europesays.com\/fr\/wp-json\/wp\/v2\/media\/27812"}],"wp:attachment":[{"href":"https:\/\/www.europesays.com\/fr\/wp-json\/wp\/v2\/media?parent=27811"}],"wp:term":[{"taxonomy":"category","embeddable":true,"href":"https:\/\/www.europesays.com\/fr\/wp-json\/wp\/v2\/categories?post=27811"},{"taxonomy":"post_tag","embeddable":true,"href":"https:\/\/www.europesays.com\/fr\/wp-json\/wp\/v2\/tags?post=27811"}],"curies":[{"name":"wp","href":"https:\/\/api.w.org\/{rel}","templated":true}]}}