{"id":278110,"date":"2025-07-27T20:31:32","date_gmt":"2025-07-27T20:31:32","guid":{"rendered":"https:\/\/www.europesays.com\/fr\/278110\/"},"modified":"2025-07-27T20:31:32","modified_gmt":"2025-07-27T20:31:32","slug":"podcast-des-supporters-salarment-pour-les-feminines-musee-des-girondins-infos-mercato","status":"publish","type":"post","link":"https:\/\/www.europesays.com\/fr\/278110\/","title":{"rendered":"[Podcast] Des supporters s&rsquo;alarment pour les f\u00e9minines, mus\u00e9e des Girondins, infos mercato"},"content":{"rendered":"<p><img decoding=\"async\" src=\"https:\/\/www.europesays.com\/fr\/wp-content\/uploads\/2025\/07\/671_d250535d94b81846909039556610973c.jpg\" alt=\"[Podcast] Des supporters s'alarment pour les f\u00e9minines, mus\u00e9e des Girondins, infos mercato\" class=\"img-responsive mt-3\"\/><\/p>\n<p class=\"text-center mb-3\" style=\"font-size: 14px\">\u00a9 Iconsport<\/p>\n<p style=\"text-align: justify;\">Nous vous proposons notre \u00e9mission le Midi Dix en replay : le <a href=\"https:\/\/podcasts.webgirondins.com\/\" target=\"_blank\" rel=\"noopener\">podcast<\/a> ou directement sur <a href=\"https:\/\/www.youtube.com\/channel\/UCkyRgJ6uhixmPRaSKiEI9aw?view_as=subscriber\" target=\"_blank\" rel=\"noopener\">notre cha\u00eene YouTube<\/a>.<\/p>\n<p>Le Podcast :<\/p>\n<p>\u00a0<\/p>\n<p>Sur YouTube :<\/p>\n<p>Ce navigateur ne supporte pas les iframes<\/p>\n<p>\u00a0<\/p>\n<p>\u00c0 lire &gt;&gt; <strong><a href=\"https:\/\/www.webgirondins.com\/actualite-girondins-national-2-les-adversaires-des-girondins-de-bordeaux-dans-le-groupe-a-129762\" target=\"_blank\" rel=\"noopener\">National 2 : les adversaires des Girondins de Bordeaux dans le groupe A<\/a><br \/><\/strong><\/p>\n<p>\u00a0<\/p>\n<p style=\"text-align: justify;\">Restez Connect\u00e9 aux infos des Girondins de Bordeaux gr\u00e2ce \u00e0 WhatsApp. Ne ratez plus aucune information importante. Rejoignez la<strong> <a href=\"https:\/\/whatsapp.com\/channel\/0029VaDygopCRs1h8xNMgI1y\" target=\"_blank\" rel=\"noopener\">cha\u00eene d&rsquo;information WhatsApp de WebGirondins<\/a><\/strong>. C&rsquo;est gratuit, avec 2 \u00e0 3 infos maximum par jour, r\u00e9sultat, interview, analyses etc.<\/p>\n","protected":false},"excerpt":{"rendered":"\u00a9 Iconsport Nous vous proposons notre \u00e9mission le Midi Dix en replay : le podcast ou directement sur&hellip;\n","protected":false},"author":2,"featured_media":265553,"comment_status":"","ping_status":"","sticky":false,"template":"","format":"standard","meta":{"footnotes":""},"categories":[2817],"tags":[1111,11,41748,9108,6005,1997,6100,1777,674,12300,1011,27,1987,1114,2868,10274,1434,11961,3048,12,2219,3725,471,362,25,3679,10221,3585,133],"class_list":{"0":"post-278110","1":"post","2":"type-post","3":"status-publish","4":"format-standard","5":"has-post-thumbnail","7":"category-bordeaux","8":"tag-actu","9":"tag-actualites","10":"tag-alarment","11":"tag-audio","12":"tag-beau","13":"tag-bordeaux","14":"tag-chaud","15":"tag-eu","16":"tag-europe","17":"tag-feminines","18":"tag-fr","19":"tag-france","20":"tag-girondins","21":"tag-infos","22":"tag-juillet","23":"tag-maillot","24":"tag-mercato","25":"tag-midi","26":"tag-musee","27":"tag-news","28":"tag-nouvelle-aquitaine","29":"tag-podcast","30":"tag-pour","31":"tag-replay","32":"tag-republique-francaise","33":"tag-revivez","34":"tag-supporters","35":"tag-tout","36":"tag-video"},"share_on_mastodon":{"url":"https:\/\/pubeurope.com\/@fr\/114927100532431855","error":""},"_links":{"self":[{"href":"https:\/\/www.europesays.com\/fr\/wp-json\/wp\/v2\/posts\/278110","targetHints":{"allow":["GET"]}}],"collection":[{"href":"https:\/\/www.europesays.com\/fr\/wp-json\/wp\/v2\/posts"}],"about":[{"href":"https:\/\/www.europesays.com\/fr\/wp-json\/wp\/v2\/types\/post"}],"author":[{"embeddable":true,"href":"https:\/\/www.europesays.com\/fr\/wp-json\/wp\/v2\/users\/2"}],"replies":[{"embeddable":true,"href":"https:\/\/www.europesays.com\/fr\/wp-json\/wp\/v2\/comments?post=278110"}],"version-history":[{"count":0,"href":"https:\/\/www.europesays.com\/fr\/wp-json\/wp\/v2\/posts\/278110\/revisions"}],"wp:featuredmedia":[{"embeddable":true,"href":"https:\/\/www.europesays.com\/fr\/wp-json\/wp\/v2\/media\/265553"}],"wp:attachment":[{"href":"https:\/\/www.europesays.com\/fr\/wp-json\/wp\/v2\/media?parent=278110"}],"wp:term":[{"taxonomy":"category","embeddable":true,"href":"https:\/\/www.europesays.com\/fr\/wp-json\/wp\/v2\/categories?post=278110"},{"taxonomy":"post_tag","embeddable":true,"href":"https:\/\/www.europesays.com\/fr\/wp-json\/wp\/v2\/tags?post=278110"}],"curies":[{"name":"wp","href":"https:\/\/api.w.org\/{rel}","templated":true}]}}