{"id":278115,"date":"2025-07-27T20:35:13","date_gmt":"2025-07-27T20:35:13","guid":{"rendered":"https:\/\/www.europesays.com\/fr\/278115\/"},"modified":"2025-07-27T20:35:13","modified_gmt":"2025-07-27T20:35:13","slug":"mercato-le-psg-sort-le-chequier-pour-lucas-chevalier","status":"publish","type":"post","link":"https:\/\/www.europesays.com\/fr\/278115\/","title":{"rendered":"Mercato, le PSG sort le ch\u00e9quier pour Lucas Chevalier"},"content":{"rendered":"<p data-testid=\"article-teaser\">S\u00e9duit par Lucas Chevalier, le PSG est enfin pass\u00e9 \u00e0 l\u2019offensive pour le gardien fran\u00e7ais ces derni\u00e8res heures.<\/p>\n<p>Le Paris Saint-Germain s&rsquo;appr\u00eate \u00e0 frapper un grand coup sur le march\u00e9 des transferts. Alors que l&rsquo;avenir de Gianluigi Donnarumma est de plus en plus incertain, le club de la capitale aurait d\u00e9cid\u00e9 d&rsquo;acc\u00e9l\u00e9rer le dossier Lucas Chevalier. Le jeune gardien du LOSC, consid\u00e9r\u00e9 comme l\u2019un des grands espoirs \u00e0 son poste, est plus que jamais dans le viseur parisien. <a href=\"https:\/\/www.goal.com\/fr\/listes\/donnarumma-out-lucas-chevalier-a-dit-oui-au-psg\/blt8d2a58d68053bf84\" target=\"_self\" rel=\"nofollow noopener\">Un accord de principe aurait m\u00eame \u00e9t\u00e9 trouv\u00e9 avec le joueur pour un contrat de cinq ans. <\/a>Suffisant pour que le PSG passe \u00e0 l\u2019attaque.<\/p>\n<p>L&rsquo;article continue ci-dessous<\/p>\n","protected":false},"excerpt":{"rendered":"S\u00e9duit par Lucas Chevalier, le PSG est enfin pass\u00e9 \u00e0 l\u2019offensive pour le gardien fran\u00e7ais ces derni\u00e8res heures.&hellip;\n","protected":false},"author":2,"featured_media":278116,"comment_status":"","ping_status":"","sticky":false,"template":"","format":"standard","meta":{"footnotes":""},"categories":[2815],"tags":[1111,11,1777,674,1011,27,811,28965,66,1307,1434,12,91,25,28401],"class_list":{"0":"post-278115","1":"post","2":"type-post","3":"status-publish","4":"format-standard","5":"has-post-thumbnail","7":"category-lille","8":"tag-actu","9":"tag-actualites","10":"tag-eu","11":"tag-europe","12":"tag-fr","13":"tag-france","14":"tag-hauts-de-france","15":"tag-l-chevalier","16":"tag-ligue-1","17":"tag-lille","18":"tag-mercato","19":"tag-news","20":"tag-paris-saint-germain","21":"tag-republique-francaise","22":"tag-transfers"},"share_on_mastodon":{"url":"https:\/\/pubeurope.com\/@fr\/114927116178240297","error":""},"_links":{"self":[{"href":"https:\/\/www.europesays.com\/fr\/wp-json\/wp\/v2\/posts\/278115","targetHints":{"allow":["GET"]}}],"collection":[{"href":"https:\/\/www.europesays.com\/fr\/wp-json\/wp\/v2\/posts"}],"about":[{"href":"https:\/\/www.europesays.com\/fr\/wp-json\/wp\/v2\/types\/post"}],"author":[{"embeddable":true,"href":"https:\/\/www.europesays.com\/fr\/wp-json\/wp\/v2\/users\/2"}],"replies":[{"embeddable":true,"href":"https:\/\/www.europesays.com\/fr\/wp-json\/wp\/v2\/comments?post=278115"}],"version-history":[{"count":0,"href":"https:\/\/www.europesays.com\/fr\/wp-json\/wp\/v2\/posts\/278115\/revisions"}],"wp:featuredmedia":[{"embeddable":true,"href":"https:\/\/www.europesays.com\/fr\/wp-json\/wp\/v2\/media\/278116"}],"wp:attachment":[{"href":"https:\/\/www.europesays.com\/fr\/wp-json\/wp\/v2\/media?parent=278115"}],"wp:term":[{"taxonomy":"category","embeddable":true,"href":"https:\/\/www.europesays.com\/fr\/wp-json\/wp\/v2\/categories?post=278115"},{"taxonomy":"post_tag","embeddable":true,"href":"https:\/\/www.europesays.com\/fr\/wp-json\/wp\/v2\/tags?post=278115"}],"curies":[{"name":"wp","href":"https:\/\/api.w.org\/{rel}","templated":true}]}}