{"id":278122,"date":"2025-07-27T20:39:11","date_gmt":"2025-07-27T20:39:11","guid":{"rendered":"https:\/\/www.europesays.com\/fr\/278122\/"},"modified":"2025-07-27T20:39:11","modified_gmt":"2025-07-27T20:39:11","slug":"un-homme-de-67-ans-percute-mortellement-par-un-ter-entre-lyon-et-saint-etienne-une-enquete-ouverte","status":"publish","type":"post","link":"https:\/\/www.europesays.com\/fr\/278122\/","title":{"rendered":"Un homme de 67 ans percut\u00e9 mortellement par un TER entre Lyon et Saint-\u00c9tienne : une\u00a0enqu\u00eate ouverte"},"content":{"rendered":"<p itemprop=\"description\"><strong>La circulation des trains a \u00e9t\u00e9 interrompue ce dimanche apr\u00e8s-midi entre Lyon et Saint-\u00c9tienne, apr\u00e8s le d\u00e9c\u00e8s d\u2019un homme sur les voies \u00e0 Lorette.<\/strong><\/p>\n<p>Un homme \u00e2g\u00e9 de 67 ans a \u00e9t\u00e9 mortellement percut\u00e9 par un train TER ce dimanche 27 juillet, peu apr\u00e8s 13h30, sur la commune de Lorette (Loire). Le drame s\u2019est produit \u00e0 proximit\u00e9 d\u2019un passage pi\u00e9ton, dans le sens Lyon\/Saint-\u00c9tienne, au niveau de la plaine de Gr\u00e9zieux.<\/p>\n<p>Malgr\u00e9 les alertes du conducteur et un freinage d\u2019urgence, la victime, domicili\u00e9e \u00e0 Gr\u00e9zieu-le-March\u00e9 (Rh\u00f4ne), n\u2019a pas pu \u00eatre \u00e9vit\u00e9e. Les secours et les services de police sont rapidement intervenus. Le trafic ferroviaire a \u00e9t\u00e9 suspendu durant l\u2019op\u00e9ration, avant de reprendre progressivement vers 15h30.<\/p>\n<p>Une enqu\u00eate a \u00e9t\u00e9 ouverte pour d\u00e9terminer les circonstances de la collision. Aucune intervention ext\u00e9rieure n\u2019a \u00e9t\u00e9 relev\u00e9e, et selon les premiers \u00e9l\u00e9ments de l\u2019enqu\u00eate, la th\u00e8se d\u2019un geste volontaire est envisag\u00e9e. Une autopsie a \u00e9t\u00e9 ordonn\u00e9e.<\/p>\n","protected":false},"excerpt":{"rendered":"La circulation des trains a \u00e9t\u00e9 interrompue ce dimanche apr\u00e8s-midi entre Lyon et Saint-\u00c9tienne, apr\u00e8s le d\u00e9c\u00e8s d\u2019un&hellip;\n","protected":false},"author":2,"featured_media":278123,"comment_status":"","ping_status":"","sticky":false,"template":"","format":"standard","meta":{"footnotes":""},"categories":[1889],"tags":[1111,11,2813,2190,2430,1109,251,1112,2811,1777,674,118,1011,27,1922,1110,1114,2428,2810,12,241,316,25,2812,517,800],"class_list":{"0":"post-278122","1":"post","2":"type-post","3":"status-publish","4":"format-standard","5":"has-post-thumbnail","7":"category-lyon","8":"tag-actu","9":"tag-actualites","10":"tag-article","11":"tag-asvel","12":"tag-auvergne-rhone-alpes","13":"tag-breves","14":"tag-culture","15":"tag-depeches","16":"tag-economique","17":"tag-eu","18":"tag-europe","19":"tag-faits-divers","20":"tag-fr","21":"tag-france","22":"tag-info","23":"tag-informations","24":"tag-infos","25":"tag-lyon","26":"tag-lyonmag","27":"tag-news","28":"tag-ol","29":"tag-politique","30":"tag-republique-francaise","31":"tag-sociale","32":"tag-sport","33":"tag-transports"},"share_on_mastodon":{"url":"https:\/\/pubeurope.com\/@fr\/114927131844960903","error":""},"_links":{"self":[{"href":"https:\/\/www.europesays.com\/fr\/wp-json\/wp\/v2\/posts\/278122","targetHints":{"allow":["GET"]}}],"collection":[{"href":"https:\/\/www.europesays.com\/fr\/wp-json\/wp\/v2\/posts"}],"about":[{"href":"https:\/\/www.europesays.com\/fr\/wp-json\/wp\/v2\/types\/post"}],"author":[{"embeddable":true,"href":"https:\/\/www.europesays.com\/fr\/wp-json\/wp\/v2\/users\/2"}],"replies":[{"embeddable":true,"href":"https:\/\/www.europesays.com\/fr\/wp-json\/wp\/v2\/comments?post=278122"}],"version-history":[{"count":0,"href":"https:\/\/www.europesays.com\/fr\/wp-json\/wp\/v2\/posts\/278122\/revisions"}],"wp:featuredmedia":[{"embeddable":true,"href":"https:\/\/www.europesays.com\/fr\/wp-json\/wp\/v2\/media\/278123"}],"wp:attachment":[{"href":"https:\/\/www.europesays.com\/fr\/wp-json\/wp\/v2\/media?parent=278122"}],"wp:term":[{"taxonomy":"category","embeddable":true,"href":"https:\/\/www.europesays.com\/fr\/wp-json\/wp\/v2\/categories?post=278122"},{"taxonomy":"post_tag","embeddable":true,"href":"https:\/\/www.europesays.com\/fr\/wp-json\/wp\/v2\/tags?post=278122"}],"curies":[{"name":"wp","href":"https:\/\/api.w.org\/{rel}","templated":true}]}}