{"id":278124,"date":"2025-07-27T20:41:10","date_gmt":"2025-07-27T20:41:10","guid":{"rendered":"https:\/\/www.europesays.com\/fr\/278124\/"},"modified":"2025-07-27T20:41:10","modified_gmt":"2025-07-27T20:41:10","slug":"quelles-perturbations-prevoir-pour-la-ratp-et-la-sncf-cette-semaine-26","status":"publish","type":"post","link":"https:\/\/www.europesays.com\/fr\/278124\/","title":{"rendered":"Quelles perturbations pr\u00e9voir pour la RATP et la SNCF cette semaine ?"},"content":{"rendered":"<p>Comme chaque semaine, plusieurs perturbations sont \u00e0 pr\u00e9voir dans les transports parisiens et franciliens. Du 28 juillet au 3 ao\u00fbt 2025, les transports en commun seront perturb\u00e9s sur certaines lignes. Faisons le point afin de mieux appr\u00e9hender vos d\u00e9placements dans la capitale. Ces changements concernent aussi bien la SNCF que <a href=\"https:\/\/www.20minutes.fr\/dossier\/ratp\" class=\"color-ultramarine c-link\" target=\"_blank\" rel=\"noopener\">RATP<\/a> (M\u00e9tro, RER, Transilien, tramway, etc.). <\/p>\n<p>Les perturbations dans les transports parisiens et franciliens du 28 juillet au 3 ao\u00fbtM\u00e9tro <\/p>\n<ul>\n<li>Ligne 3 : jusqu\u2019au 3 ao\u00fbt, le trafic sera interrompu entre Op\u00e9ra et Gallieni (travaux). Des bus seront mis en place entre R\u00e9publique et Gallieni. <\/li>\n<li>Ligne 6 : jusqu\u2019au 28 septembre, l\u2019arr\u00eat ne sera pas desservi \u00e0 Cambronne (travaux).<\/li>\n<li>Ligne 12 : du 28 juillet au 7 ao\u00fbt, le trafic sera interrompu entre Montparnasse Bienvenue et Mairie d\u2019Issy  (travaux). Des bus seront mis en place.<\/li>\n<li>Ligne 13 : jusqu\u2019au 31 ao\u00fbt, les acc\u00e8s aux stations Gabriel P\u00e9ri et Pernety seront ferm\u00e9s (travaux).<\/li>\n<\/ul>\n<p>RER <\/p>\n<ul>\n<li>RER B : la gare de Saint-Michel \u2013 Notre Dame sur le RER C, sera ferm\u00e9e jusqu\u2019au 23 ao\u00fbt inclus (travaux). Jusqu\u2019au 31 juillet, du lundi au vendredi \u00e0 partir de 22h45, le trafic sera interrompu entre Gare du Nord et A\u00e9roport Charles de Gaulle 2\u2013TGV et Mitry\u2013Claye (travaux). Voyageurs du <a href=\"https:\/\/www.20minutes.fr\/dossier\/rer_b\" class=\"color-ultramarine c-link\" target=\"_blank\" rel=\"noopener\">RER B<\/a>, jusqu\u2019au 27 ao\u00fbt inclus\u200b\u200b, le trafic sera interrompu entre Massy\u2013Palaiseau et La Croix de Berny (travaux). Du 1er au 12 ao\u00fbt, en semaine, d\u00e8s 22h45, le trafic sera interrompu entre Denfert-Rochereau et A\u00e9roport CDG2 et Mitry-Claye (travaux).<\/li>\n<li>RER C : jusqu\u2019au 31 juillet, l\u2019arr\u00eat ne sera pas desservi \u00e0 Issy vers Massy\u2006\u2013\u2006Palaiseau, Saint-Martin d\u2019\u00c9tampes et Dourdan la For\u00eat (mesures de s\u00e9curit\u00e9). La gare de Saint-Michel \u2013 Notre Dame sur le RER C, sera ferm\u00e9e jusqu\u2019au 23 ao\u00fbt inclus (travaux). Vendredi 1er ao\u00fbt, le trafic sera interrompu entre Paris Austerlitz \u2013 Montigny Beauchamp et Pontoise. Dimanche 3 ao\u00fbt, le trafic sera interrompu entre Dourdan et Paris Austerlitz d\u00e8s 23h55. Jusqu\u2019au 22 ao\u00fbt, en semaine, le trafic sera interrompu entre Dourdan et Paris Austerlitz d\u00e8s 23h55. Il en va de m\u00eame d\u00e8s 23 heures entre Paris Austerlitz et Juvisy via Choisy le Roi. Jusqu\u2019au vendredi 22 ao\u00fbt, le trafic sera interrompu entre St-Quentin en Yvelines et Paris Austerlitz. Il en va de m\u00eame entre Massy-Palaiseau et Pont de Rungis. <\/li>\n<li>RER D :  du lundi 28 juillet au vendredi 1er ao\u00fbt, les gares entre Paris Gare de Lyon et Villeneuve S Georges ne seront pas desservies apr\u00e8s minuit (travaux). Des bus seront mis en place. Jusqu\u2019au 14 ao\u00fbt, du lundi au vendredi d\u00e8s 23h20, le trafic sera interrompu entre Gare du Nord et Creil (travaux). Du lundi 28 juillet au vendredi 1er ao\u00fbt, le trafic sera interrompu entre Paris Gare de Lyon et Villeneuve S Georges \u00e0 partir de minuit. Du lundi 28 juillet au vendredi 1er ao\u00fbt, le trafic sera interrompu entre Villeneuve S Georges et Corbeil-Essonnes via Evry-Courcouronnes d\u00e8s 23h15 (travaux). Des bus seront mis place. Du lundi 28 juillet au vendredi 01 ao\u00fbt, apr\u00e8s 23 heures, les trains ne marqueront pas l\u2019arr\u00eat \u00e0 Maisons-Alfort, Vert de Maisons, Cr\u00e9teil Pompadour et Villeneuve-Triage dans les deux sens de circulation. Du lundi 28 juillet au vendredi 1er ao\u00fbt, de 9h30 \u00e0 16 heures, le trafic sera all\u00e9g\u00e9 entre Combs-la-Ville \u2013 Quincy et Melun, seul un train sur deux sera en circulation. Vendredi 1er et samedi 2 ao\u00fbt, le trafic sera interrompu entre Orry la Ville et Creil. Un service de bus de remplacement sera mis en place (travaux).<\/li>\n<li>RER E : samedi 2 et dimanche 3 ao\u00fbt, le trafic sera interrompu entre Nanterre-la-Folie et Chelles Gournay d\u00e8s 23h45. Du 28 juillet au 1er ao\u00fbt, 1 train sur 2 circulera entre Nanterre-la-Folie et <a href=\"https:\/\/www.20minutes.fr\/dossier\/villiers_sur_marne\" class=\"color-ultramarine c-link\" target=\"_blank\" rel=\"noopener\">Villiers-sur-Marne<\/a>. De 6h00 \u00e0 9h00, 1 train sur 2 circulera de Tournan vers Nanterre-la-Folie. De 16h45 \u00e0 120h00, 1 train sur 2 circulera de Nanterre-la-Folie vers Tournan (travaux sur le r\u00e9seau ferroviaire). Le trafic sera interrompu du 28 juillet au dimanche 3 ao\u00fbt d\u00e8s 22h10 entre Nanterre-La-Folie et Tournan. <\/li>\n<\/ul>\n<p>Transilien <\/p>\n<ul>\n<li>Ligne H : samedi 2 et dimanche 3 ao\u00fbt, le trafic sera interrompu entre Paris Gare du Nord et <a href=\"https:\/\/www.20minutes.fr\/societe\/sarcelles\/\" class=\"color-ultramarine c-link\" target=\"_blank\" rel=\"noopener\">Sarcelles<\/a> \u2013 Saint-Brice. Du lundi 28 juillet au vendredi 1er ao\u00fbt, de soir\u00e9e, le trafic sera interrompu entre Paris Gare du Nord et <a href=\"https:\/\/www.20minutes.fr\/dossier\/pontoise\" class=\"color-ultramarine c-link\" target=\"_blank\" rel=\"noopener\">Pontoise<\/a> (travaux). Des bus seront mis en place. Il en va de m\u00eame entre Paris Gare du Nord et Luzarches et entre Paris Gare du Nord et Persan \u2013 Beaumont via Valmondois. <\/li>\n<li>Ligne J : jusqu\u2019au 8 ao\u00fbt, du lundi au vendredi, \u00e0 partir de 21h40, le trafic sera interrompu entre Gare Saint-Lazare et Mantes-la-Jolie via Poissy. Des bus seront mis en place. Jusqu\u2019au 8 ao\u00fbt, du lundi au vendredi \u00e0 partir de 21h15, le trafic sera interrompu entre Mantes-la-Jolie et Issou \u2013 Porcheville vers Vernon \u2013 Giverny et Gare Saint-Lazare. Des bus de remplacement seront mis en place.<\/li>\n<li>Ligne K : du lundi 19 mai au vendredi 19 d\u00e9cembre en soir\u00e9e. Le trafic sera interrompu entre Paris Gare du Nord et Cr\u00e9py-en-Valois. <\/li>\n<li>Ligne L : d\u00e8s 21h10, du lundi 28 au mercredi 30 juillet, le trafic sera interrompu entre Saint-Cloud et Saint-Nom la Bret\u00e8che. Jeudi 31 juillet, le trafic sera interrompu entre Paris Saint-Lazare et La D\u00e9fense. Du vendredi 1er au lundi 4 ao\u00fbt le trafic sera interrompu entre Paris Saint-Lazare et La D\u00e9fense de prise de service jusqu\u2019\u00e0 06h30 et 10h00 et de 16h30 jusqu\u2019\u00e0 20h00 (travaux). Il en va de m\u00eame entre <a href=\"https:\/\/www.20minutes.fr\/dossier\/la_defense\" class=\"color-ultramarine c-link\" target=\"_blank\" rel=\"noopener\">La D\u00e9fense<\/a> et La Garennne Colombes. <\/li>\n<li>Ligne N : du lundi 28 juillet au vendredi 1er ao\u00fbt, le trafic sera interrompu de Paris Montparnasse vers Rambouillet d\u00e8s 0h35. Du lundi 28 au vendredi 1er ao\u00fbt, le trafic sera interrompu de Paris Montparnasse vers Mantes-la-Jolie d\u00e8s 21 heures. Le trafic sera interrompu entre Paris Montparnasse et Dreux aux m\u00eames dates d\u00e8s 22 heures. <\/li>\n<li>Ligne P : samedi 2 et dimanche 3 ao\u00fbt, le trafic est interrompu entre Paris Est et Provins \u00e0 partir de 21h45. Tous les jours \u00e0 partir de 21h30, du lundi 21 juillet au dimanche 17 ao\u00fbt, le trafic est interrompu entre Paris Est et Coulommiers. Toute la journ\u00e9e. Du mardi 15 juillet au vendredi 8 ao\u00fbt, le trafic sera interrompu entre Meaux et La Fert\u00e9-Milon. Samedi 2 ao\u00fbt, le trafic est interrompu entre Paris Est et Meaux d\u00e8s 22h50. Du lundi 28 juillet au vendredi 1er ao\u00fbt, le trafic sera interrompu entre Paris Est et <a href=\"https:\/\/www.20minutes.fr\/dossier\/meaux\" class=\"color-ultramarine c-link\" target=\"_blank\" rel=\"noopener\">Meaux<\/a>. Jusqu\u2019au 1er ao\u00fbt, du lundi au vendredi \u00e0 partir de 22 heures, le trafic est interrompu entre Ch\u00e2teau-Thierry et Gare de l\u2019Est. Des bus seront mis en place. Du lundi 28 juillet au vendredi 1er ao\u00fbt, le trafic serainterrompu entre Paris Est et Provins des 20h45. <\/li>\n<li>Ligne R : du 28 juillet au 1er ao\u00fbt, le trafic sera interrompu entre Melun et Montereau via H\u00e9ricy de 10h25 \u00e0 15h30. <\/li>\n<\/ul>\n<p>Tramway<\/p>\n<ul>\n<li>T1 : le trafic sera interrompu entre Asni\u00e8res \u2013 Quatre Routes et Gare de Saint-Denis. Il sera \u00e9galement perturb\u00e9 sur le reste de la ligne (d\u00e9gradation par un tiers \u00e0 L\u2019\u00cele-Saint-Denis). Aucune reprise n&rsquo;est pr\u00e9vue jusqu\u2019\u00e0 nouvel ordre.<\/li>\n<li>T2\u2009: jusqu\u2019au 2 novembre 2025, le trafic sera interrompu entre Porte de Versailles et Suzanne Lenglen (travaux).<\/li>\n<li>Pour rejoindre la Porte de Versailles, depuis Suzanne Lenglen, allez \u00e0 pied jusqu&rsquo;\u00e0 la station Balard du T3a.<\/li>\n<\/ul>\n","protected":false},"excerpt":{"rendered":"Comme chaque semaine, plusieurs perturbations sont \u00e0 pr\u00e9voir dans les transports parisiens et franciliens. Du 28 juillet au&hellip;\n","protected":false},"author":2,"featured_media":278125,"comment_status":"","ping_status":"","sticky":false,"template":"","format":"standard","meta":{"footnotes":""},"categories":[1592],"tags":[1111,11,1777,674,1011,27,662,12,626,1306,25,12396,6561,2215,2803],"class_list":{"0":"post-278124","1":"post","2":"type-post","3":"status-publish","4":"format-standard","5":"has-post-thumbnail","7":"category-ile-de-france","8":"tag-actu","9":"tag-actualites","10":"tag-eu","11":"tag-europe","12":"tag-fr","13":"tag-france","14":"tag-ile-de-france","15":"tag-news","16":"tag-paris","17":"tag-regions","18":"tag-republique-francaise","19":"tag-rer","20":"tag-rer-c","21":"tag-sncf","22":"tag-transport"},"share_on_mastodon":{"url":"https:\/\/pubeurope.com\/@fr\/114927139775868696","error":""},"_links":{"self":[{"href":"https:\/\/www.europesays.com\/fr\/wp-json\/wp\/v2\/posts\/278124","targetHints":{"allow":["GET"]}}],"collection":[{"href":"https:\/\/www.europesays.com\/fr\/wp-json\/wp\/v2\/posts"}],"about":[{"href":"https:\/\/www.europesays.com\/fr\/wp-json\/wp\/v2\/types\/post"}],"author":[{"embeddable":true,"href":"https:\/\/www.europesays.com\/fr\/wp-json\/wp\/v2\/users\/2"}],"replies":[{"embeddable":true,"href":"https:\/\/www.europesays.com\/fr\/wp-json\/wp\/v2\/comments?post=278124"}],"version-history":[{"count":0,"href":"https:\/\/www.europesays.com\/fr\/wp-json\/wp\/v2\/posts\/278124\/revisions"}],"wp:featuredmedia":[{"embeddable":true,"href":"https:\/\/www.europesays.com\/fr\/wp-json\/wp\/v2\/media\/278125"}],"wp:attachment":[{"href":"https:\/\/www.europesays.com\/fr\/wp-json\/wp\/v2\/media?parent=278124"}],"wp:term":[{"taxonomy":"category","embeddable":true,"href":"https:\/\/www.europesays.com\/fr\/wp-json\/wp\/v2\/categories?post=278124"},{"taxonomy":"post_tag","embeddable":true,"href":"https:\/\/www.europesays.com\/fr\/wp-json\/wp\/v2\/tags?post=278124"}],"curies":[{"name":"wp","href":"https:\/\/api.w.org\/{rel}","templated":true}]}}