{"id":278126,"date":"2025-07-27T20:42:12","date_gmt":"2025-07-27T20:42:12","guid":{"rendered":"https:\/\/www.europesays.com\/fr\/278126\/"},"modified":"2025-07-27T20:42:12","modified_gmt":"2025-07-27T20:42:12","slug":"legislative-partielle-municipales-2026-a-paris-les-republicains-a-lheure-du-choix-pour-eviter-la-guerre-des-chefs-entre-barnier-et-dati","status":"publish","type":"post","link":"https:\/\/www.europesays.com\/fr\/278126\/","title":{"rendered":"L\u00e9gislative partielle, municipales 2026\u2026 \u00c0 Paris, Les\u00a0R\u00e9publicains \u00e0 l\u2019heure du choix pour \u00e9viter la guerre des chefs entre Barnier et Dati"},"content":{"rendered":"<p><strong>R\u00c9CIT<\/strong> &#8211; Avant la commission d\u2019investiture pr\u00e9vue ce lundi, Bruno Retailleau souhaitait r\u00e9unir l\u2019ancien chef du gouvernement et la ministre de la Culture dimanche soir.<\/p>\n<p class=\"fig-paragraph\"><a href=\"http:\/\/www.lefigaro.fr\/politique\/j-ai-envie-d-etre-sur-le-pont-pas-dans-la-cave-les-confidences-de-michel-barnier-candidat-a-la-legislative-partielle-a-paris-20250723\" data-fig-type=\"Article\" data-gtm-custom-categorie=\"navigation\" data-gtm-custom-action=\"crossclick\" data-gtm-custom-label=\"Contextuel\" data-gtm-event=\"customEventSPE\" data-fig-domain=\"LEFIGARO\" rel=\"nofollow noopener\" target=\"_blank\">Michel Barnier<\/a>\u00a0assur\u00e9 pour la 2e\u00a0circonscription de Paris. Et\u00a0<a href=\"http:\/\/www.lefigaro.fr\/politique\/municipales-2026-rachida-dati-serait-une-excellente-maire-de-paris-d-apres-sophie-primas-20250723\" data-fig-type=\"Article\" data-gtm-custom-categorie=\"navigation\" data-gtm-custom-action=\"crossclick\" data-gtm-custom-label=\"Contextuel\" data-gtm-event=\"customEventSPE\" data-fig-domain=\"LEFIGARO\" rel=\"nofollow noopener\" target=\"_blank\">Rachida Dati<\/a>\u00a0rassur\u00e9e pour les municipales dans la capitale. Ces deux objectifs sont inscrits au menu de la commission nationale d\u2019investiture (CNI) des R\u00e9publicains, qui doit se r\u00e9unir \u00e0 Paris, lundi en fin d\u2019apr\u00e8s-midi, dans une salle du 15e\u00a0arrondissement lou\u00e9e pour des raisons logistiques. Les 99\u00a0membres de la CNI sont invit\u00e9s \u00e0 17\u00a0heures pour traiter un ordre du jour au c\u0153ur duquel sera pos\u00e9e la candidature de Michel Barnier pour un si\u00e8ge de d\u00e9put\u00e9. \u00c0 la veille du rendez-vous, on estimait la participation attendue des \u00e9lus \u00e0 50\u00a0%, sachant qu\u2019aucun vote par procuration ne sera possible.<\/p>\n<p class=\"fig-paragraph\">Apr\u00e8s l\u2019invalidation, par le Conseil constitutionnel, de l\u2019\u00e9lection du d\u00e9put\u00e9 macroniste sortant Jean Laussucq, la disponibilit\u00e9 du si\u00e8ge a suscit\u00e9 la col\u00e8re de Rachida Dati et provoqu\u00e9 un vif int\u00e9r\u00eat chez les concurrents. Maire LR du 7e\u00a0arrondissement et candidate d\u00e9clar\u00e9e aux municipales, la ministre de la Culture a aussit\u00f4t saisi la CNI\u2026<\/p>\n<p class=\"fig-premium-paywall__infos\">\n        Cet article est r\u00e9serv\u00e9 aux abonn\u00e9s.        Il vous reste 80% \u00e0 d\u00e9couvrir.\n    <\/p>\n<p>                <img  data- alt=\"Le Figaro\" class=\"fig-img--complete fig-img\"\/><\/p>\n<p class=\"fig-premium-paywall__title\">Vous avez envie de lire la suite ?<\/p>\n<p class=\"fig-premium-paywall__subtitle\">D\u00e9bloquez tous les articles imm\u00e9diatement.<\/p>\n<p class=\"fig-premium-paywall__connect\">\n                D\u00e9j\u00e0 abonn\u00e9\u00a0?                <a class=\"fig-premium-paywall__connect-link\" href=\"https:\/\/connect.lefigaro.fr\/login?client=horizon_web&amp;type=main&amp;redirect_uri=https%3A%2F%2Fwww.lefigaro.fr%2Felections%2Fmunicipales%2Flegislative-partielle-municipales-2026-a-paris-les-republicains-a-l-heure-du-choix-pour-eviter-la-guerre-des-chefs-entre-barnier-et-dati-20250727\" data-js-gtm=\"{&quot;customCategorie&quot;: &quot;conversion&quot;, &quot;customAction&quot;: &quot;before_Landing_Connexion_paywall_auto&quot;, &quot;customLabel&quot;: &quot;bGVmaWdhcm8uZnJfXzFmMDZhYzhmLTU4MTQtNmViYS1iOWRlLTYxZjRkZjcwOWI5Nl9fQXJ0aWNsZQ==_L\u00e9gislative partielle, municipales 2026\u2026 \u00c0 Paris, Les\u00a0R\u00e9publicains \u00e0 l\u2019heure du choix pour \u00e9viter la guerre des chefs entre Barnier et Dati_341&quot;, &quot;customIDSPE&quot;: &quot;bGVmaWdhcm8uZnJfXzFmMDZhYzhmLTU4MTQtNmViYS1iOWRlLTYxZjRkZjcwOWI5Nl9fQXJ0aWNsZQ==&quot;, &quot;event&quot;: &quot;customEventSPE&quot;}\" rel=\"nofollow noopener\" target=\"_blank\"><br \/>\n                    Connectez-vous<br \/>\n                <\/a>\n            <\/p>\n","protected":false},"excerpt":{"rendered":"R\u00c9CIT &#8211; Avant la commission d\u2019investiture pr\u00e9vue ce lundi, Bruno Retailleau souhaitait r\u00e9unir l\u2019ancien chef du gouvernement et&hellip;\n","protected":false},"author":2,"featured_media":278127,"comment_status":"","ping_status":"","sticky":false,"template":"","format":"standard","meta":{"footnotes":""},"categories":[1888],"tags":[1111,1928,11,1927,1013,6592,1777,674,1011,27,27636,12,1926,626,1925,417,25],"class_list":{"0":"post-278126","1":"post","2":"type-post","3":"status-publish","4":"format-standard","5":"has-post-thumbnail","7":"category-paris","8":"tag-actu","9":"tag-actu-paris","10":"tag-actualites","11":"tag-actualites-paris","12":"tag-bruno-retailleau","13":"tag-droite","14":"tag-eu","15":"tag-europe","16":"tag-fr","17":"tag-france","18":"tag-michel-barnier","19":"tag-news","20":"tag-news-paris","21":"tag-paris","22":"tag-paris-news","23":"tag-rachida-dati","24":"tag-republique-francaise"},"share_on_mastodon":{"url":"https:\/\/pubeurope.com\/@fr\/114927143726540700","error":""},"_links":{"self":[{"href":"https:\/\/www.europesays.com\/fr\/wp-json\/wp\/v2\/posts\/278126","targetHints":{"allow":["GET"]}}],"collection":[{"href":"https:\/\/www.europesays.com\/fr\/wp-json\/wp\/v2\/posts"}],"about":[{"href":"https:\/\/www.europesays.com\/fr\/wp-json\/wp\/v2\/types\/post"}],"author":[{"embeddable":true,"href":"https:\/\/www.europesays.com\/fr\/wp-json\/wp\/v2\/users\/2"}],"replies":[{"embeddable":true,"href":"https:\/\/www.europesays.com\/fr\/wp-json\/wp\/v2\/comments?post=278126"}],"version-history":[{"count":0,"href":"https:\/\/www.europesays.com\/fr\/wp-json\/wp\/v2\/posts\/278126\/revisions"}],"wp:featuredmedia":[{"embeddable":true,"href":"https:\/\/www.europesays.com\/fr\/wp-json\/wp\/v2\/media\/278127"}],"wp:attachment":[{"href":"https:\/\/www.europesays.com\/fr\/wp-json\/wp\/v2\/media?parent=278126"}],"wp:term":[{"taxonomy":"category","embeddable":true,"href":"https:\/\/www.europesays.com\/fr\/wp-json\/wp\/v2\/categories?post=278126"},{"taxonomy":"post_tag","embeddable":true,"href":"https:\/\/www.europesays.com\/fr\/wp-json\/wp\/v2\/tags?post=278126"}],"curies":[{"name":"wp","href":"https:\/\/api.w.org\/{rel}","templated":true}]}}