{"id":278138,"date":"2025-07-27T20:48:10","date_gmt":"2025-07-27T20:48:10","guid":{"rendered":"https:\/\/www.europesays.com\/fr\/278138\/"},"modified":"2025-07-27T20:48:10","modified_gmt":"2025-07-27T20:48:10","slug":"les-etats-unis-vont-detruire-des-contraceptifs-stockes-en-europe","status":"publish","type":"post","link":"https:\/\/www.europesays.com\/fr\/278138\/","title":{"rendered":"Les \u00c9tats-Unis vont d\u00e9truire des contraceptifs stock\u00e9s en Europe"},"content":{"rendered":"<p>L\u2019administration am\u00e9ricaine a d\u00e9cid\u00e9 de d\u00e9truire des contraceptifs f\u00e9minins, a indiqu\u00e9 \u00e0 l\u2019AFP un porte-parole du d\u00e9partement d\u2019\u00c9tat, confirmant des informations de The Guardian. Le 18\u00a0juillet dernier, le quotidien r\u00e9v\u00e9lait que les stocks concern\u00e9s, principalement constitu\u00e9s de st\u00e9rilets et d\u2019implants, s\u2019\u00e9levaient \u00e0 9,7\u00a0millions d\u2019euros et \u00e9taient destin\u00e9s aux femmes \u00e0 revenu faible ou interm\u00e9diaire dans des pays d\u2019Afrique, dans le cadre des programmes de l\u2019Agence am\u00e9ricaine pour le d\u00e9veloppement international (USaid).<\/p>\n<p>Cet article est r\u00e9serv\u00e9 aux abonn\u00e9s<\/p>\n<p>\n                    Vous souhaitez lire la suite\u00a0? Abonnez-vous sans engagement \u00e0 notre offre num\u00e9rique\n                <\/p>\n<p>                <a href=\"https:\/\/www.la-croix.com\/abonnement\" class=\"default-paywall__subscribe-button\" data-tracking=\"cta_click\" data-tracking-action=\"voir la page abonnement\" data-tracking-category=\"abonnement\" rel=\"nofollow noopener\" target=\"_blank\">Je m&rsquo;abonne<\/a><\/p>\n","protected":false},"excerpt":{"rendered":"L\u2019administration am\u00e9ricaine a d\u00e9cid\u00e9 de d\u00e9truire des contraceptifs f\u00e9minins, a indiqu\u00e9 \u00e0 l\u2019AFP un porte-parole du d\u00e9partement d\u2019\u00c9tat,&hellip;\n","protected":false},"author":2,"featured_media":278139,"comment_status":"","ping_status":"","sticky":false,"template":"","format":"standard","meta":{"footnotes":""},"categories":[1589],"tags":[11,73,1866,12,1864,1865,1863,308],"class_list":{"0":"post-278138","1":"post","2":"type-post","3":"status-publish","4":"format-standard","5":"has-post-thumbnail","7":"category-etats-unis","8":"tag-actualites","9":"tag-etats-unis","10":"tag-etats-unis-damerique","11":"tag-news","12":"tag-united-states","13":"tag-united-states-of-america","14":"tag-us","15":"tag-usa"},"share_on_mastodon":{"url":"https:\/\/pubeurope.com\/@fr\/114927167502617068","error":""},"_links":{"self":[{"href":"https:\/\/www.europesays.com\/fr\/wp-json\/wp\/v2\/posts\/278138","targetHints":{"allow":["GET"]}}],"collection":[{"href":"https:\/\/www.europesays.com\/fr\/wp-json\/wp\/v2\/posts"}],"about":[{"href":"https:\/\/www.europesays.com\/fr\/wp-json\/wp\/v2\/types\/post"}],"author":[{"embeddable":true,"href":"https:\/\/www.europesays.com\/fr\/wp-json\/wp\/v2\/users\/2"}],"replies":[{"embeddable":true,"href":"https:\/\/www.europesays.com\/fr\/wp-json\/wp\/v2\/comments?post=278138"}],"version-history":[{"count":0,"href":"https:\/\/www.europesays.com\/fr\/wp-json\/wp\/v2\/posts\/278138\/revisions"}],"wp:featuredmedia":[{"embeddable":true,"href":"https:\/\/www.europesays.com\/fr\/wp-json\/wp\/v2\/media\/278139"}],"wp:attachment":[{"href":"https:\/\/www.europesays.com\/fr\/wp-json\/wp\/v2\/media?parent=278138"}],"wp:term":[{"taxonomy":"category","embeddable":true,"href":"https:\/\/www.europesays.com\/fr\/wp-json\/wp\/v2\/categories?post=278138"},{"taxonomy":"post_tag","embeddable":true,"href":"https:\/\/www.europesays.com\/fr\/wp-json\/wp\/v2\/tags?post=278138"}],"curies":[{"name":"wp","href":"https:\/\/api.w.org\/{rel}","templated":true}]}}