{"id":278142,"date":"2025-07-27T20:50:12","date_gmt":"2025-07-27T20:50:12","guid":{"rendered":"https:\/\/www.europesays.com\/fr\/278142\/"},"modified":"2025-07-27T20:50:12","modified_gmt":"2025-07-27T20:50:12","slug":"deraillement-en-allemagne-au-moins-trois-morts-et-trente-quatre-blesses","status":"publish","type":"post","link":"https:\/\/www.europesays.com\/fr\/278142\/","title":{"rendered":"D\u00e9raillement en Allemagne: au moins trois morts et trente-quatre bless\u00e9s"},"content":{"rendered":"<p class=\"ap-StoryElement ap-StoryElement--mb ap-StoryText\">Le d\u00e9raillement s&rsquo;est produit vers 18h10 \u00e0 l&rsquo;entr\u00e9e du village de Zell, dans une zone bois\u00e9e et difficile d&rsquo;acc\u00e8s. Selon des t\u00e9moins et des experts cit\u00e9s par les m\u00e9dias locaux, la t\u00eate du train aurait quitt\u00e9 les rails vers la gauche, grimpant un talus d&rsquo;environ cinq m\u00e8tres avant de s&rsquo;\u00e9craser contre des arbres. Plusieurs wagons du Regionalexpress jaune et blanc se sont renvers\u00e9s, jonchant la pente au milieu des branchages.<\/p>\n<p class=\"ap-StoryElement ap-StoryElement--mb ap-StoryText\">Le centre de coordination des secours de Reutlingen a imm\u00e9diatement d\u00e9clench\u00e9 un protocole de type \u00ab\u00a0\u202fMassenanfall von Verletzten\u202f\u00a0\u00bb, r\u00e9serv\u00e9 aux situations d&rsquo;afflux massif de bless\u00e9s. Des moyens d&rsquo;intervention consid\u00e9rables ont \u00e9t\u00e9 mobilis\u00e9s: la route B311, axe majeur entre Ulm et Riedlingen, a \u00e9t\u00e9 envahie de v\u00e9hicules de secours venus de toute la r\u00e9gion, y compris du district voisin d&rsquo;Alb-Donau. Plusieurs h\u00e9licopt\u00e8res de sauvetage ont \u00e9galement \u00e9t\u00e9 engag\u00e9s pour acc\u00e9der \u00e0 la zone et \u00e9vacuer les bless\u00e9s les plus graves.<\/p>\n<p>Cent passagers<\/p>\n<p class=\"ap-StoryElement ap-StoryElement--mb ap-StoryText\">Le train accident\u00e9 transportait environ cent passagers, pr\u00e9cise la police f\u00e9d\u00e9rale. Le bilan humain, d\u00e9j\u00e0 lourd, pourrait \u00e9voluer dans les prochaines heures. Sur les lieux, l&rsquo;atmosph\u00e8re est tendue, les \u00e9quipes de secours fouillent les wagons et assistent les bless\u00e9s dans des conditions rendues difficiles par le terrain. Les causes de l&rsquo;accident ne sont pas encore connues. Aucune hypoth\u00e8se n&rsquo;a \u00e9t\u00e9 confirm\u00e9e \u00e0 ce stade, mais des conditions m\u00e9t\u00e9orologiques d\u00e9grad\u00e9es pourraient avoir jou\u00e9 un r\u00f4le. Certains m\u00e9dias \u00e9voquant l&rsquo;hypoth\u00e8se d&rsquo;un glissement de terrain.<\/p>\n<p class=\"ap-StoryElement ap-StoryElement--mb ap-StoryText\">Le ministre de l&rsquo;Int\u00e9rieur du Bade-Wurtemberg, Thomas Strobl (CDU), s&rsquo;est rendu sur place en fin de journ\u00e9e. \u00ab\u00a0\u202fIl souhaite se faire une id\u00e9e pr\u00e9cise des op\u00e9rations de secours\u202f\u00a0\u00bb, indiquent les m\u00e9dias allemands.<\/p>\n","protected":false},"excerpt":{"rendered":"Le d\u00e9raillement s&rsquo;est produit vers 18h10 \u00e0 l&rsquo;entr\u00e9e du village de Zell, dans une zone bois\u00e9e et difficile&hellip;\n","protected":false},"author":2,"featured_media":278143,"comment_status":"","ping_status":"","sticky":false,"template":"","format":"standard","meta":{"footnotes":""},"categories":[1587],"tags":[11,672,1804,1805,1803,3348,1777,674,1801,12,1802],"class_list":{"0":"post-278142","1":"post","2":"type-post","3":"status-publish","4":"format-standard","5":"has-post-thumbnail","7":"category-allemagne","8":"tag-actualites","9":"tag-allemagne","10":"tag-bundesrepublik-deutschland","11":"tag-de","12":"tag-deutschland","13":"tag-drame","14":"tag-eu","15":"tag-europe","16":"tag-germany","17":"tag-news","18":"tag-republique-federale-dallemagne"},"share_on_mastodon":{"url":"https:\/\/pubeurope.com\/@fr\/114927175166253376","error":""},"_links":{"self":[{"href":"https:\/\/www.europesays.com\/fr\/wp-json\/wp\/v2\/posts\/278142","targetHints":{"allow":["GET"]}}],"collection":[{"href":"https:\/\/www.europesays.com\/fr\/wp-json\/wp\/v2\/posts"}],"about":[{"href":"https:\/\/www.europesays.com\/fr\/wp-json\/wp\/v2\/types\/post"}],"author":[{"embeddable":true,"href":"https:\/\/www.europesays.com\/fr\/wp-json\/wp\/v2\/users\/2"}],"replies":[{"embeddable":true,"href":"https:\/\/www.europesays.com\/fr\/wp-json\/wp\/v2\/comments?post=278142"}],"version-history":[{"count":0,"href":"https:\/\/www.europesays.com\/fr\/wp-json\/wp\/v2\/posts\/278142\/revisions"}],"wp:featuredmedia":[{"embeddable":true,"href":"https:\/\/www.europesays.com\/fr\/wp-json\/wp\/v2\/media\/278143"}],"wp:attachment":[{"href":"https:\/\/www.europesays.com\/fr\/wp-json\/wp\/v2\/media?parent=278142"}],"wp:term":[{"taxonomy":"category","embeddable":true,"href":"https:\/\/www.europesays.com\/fr\/wp-json\/wp\/v2\/categories?post=278142"},{"taxonomy":"post_tag","embeddable":true,"href":"https:\/\/www.europesays.com\/fr\/wp-json\/wp\/v2\/tags?post=278142"}],"curies":[{"name":"wp","href":"https:\/\/api.w.org\/{rel}","templated":true}]}}