{"id":278146,"date":"2025-07-27T20:52:09","date_gmt":"2025-07-27T20:52:09","guid":{"rendered":"https:\/\/www.europesays.com\/fr\/278146\/"},"modified":"2025-07-27T20:52:09","modified_gmt":"2025-07-27T20:52:09","slug":"les-oppositions-denoncent-laccord-sur-les-droits-de-douane-entre-lue-et-les-etats-unis","status":"publish","type":"post","link":"https:\/\/www.europesays.com\/fr\/278146\/","title":{"rendered":"les oppositions d\u00e9noncent l&rsquo;accord sur les droits de douane entre l&rsquo;UE et les \u00c9tats-Unis"},"content":{"rendered":"<p>Les \u00c9tats-Unis et l&rsquo;Union europ\u00e9enne sont arriv\u00e9s \u00e0 un consensus sur les droits de douane, ce dimanche 27 juillet, ont annonc\u00e9 Donald Trump et Ursula Von der Leyen \u00e0 l&rsquo;issue de leur rencontre. L&rsquo;annonce a suscit\u00e9 une vague de r\u00e9actions politiques \u00e0 l&rsquo;\u00e9chelle europ\u00e9enne.<\/p>\n<p>\u00ab\u00a0Le plus grand accord jamais sign\u00e9.\u00a0\u00bb Donald Trump s&rsquo;est amus\u00e9 de commentaires dythirrambiques sur <a href=\"https:\/\/www.bfmtv.com\/economie\/economie-social\/union-europeenne\/tout-comprendre-en-quoi-quoi-consiste-l-accord-enorme-a-15-que-viennent-de-conclure-trump-et-l-ue_AN-202507270293.html\" title=\"TOUT COMPRENDRE. En quoi consiste &quot;l&#039;accord \u00e9norme&quot; \u00e0 15% que viennent de conclure Trump et l&#039;UE ?\" class=\"internal_link\" rel=\"nofollow noopener\" target=\"_blank\">l&rsquo;accord trouv\u00e9 entre l&rsquo;UE et les \u00c9tats-Unis<\/a> sur les <a href=\"https:\/\/www.bfmtv.com\/economie\/750-milliards-de-dollars-l-ue-va-acheter-des-quantites-significatives-de-petrole-et-de-gaz-americain-pour-remplacer-ceux-de-la-russie_AD-202507270312.html\" title=\"750 milliards de dollars: l&#039;UE va acheter des quantit\u00e9s &quot;significatives&quot; de p\u00e9trole et de gaz am\u00e9ricain pour remplacer ceux de la Russie\" class=\"internal_link\" rel=\"nofollow noopener\" target=\"_blank\">droits de douane<\/a> ce dimanche 27 juillet.<\/p>\n<p>Ce consensus pr\u00e9voit notamment des droits de douane de 15% sur les exportations europ\u00e9ennes en direction des \u00c9tats-Unis, contre 10% auparavant. Une annonce qui n&rsquo;a pas re\u00e7u un accueil aussi unanime en Europe.<\/p>\n<p>Une \u00ab\u00a0capitulation\u00a0\u00bb pour les insoumis<\/p>\n<p>Les d\u00e9put\u00e9s de la France insoumise et d&rsquo;Apr\u00e8s, Manuel Bompard et \u00c9ric Coquerel, ont notamment d\u00e9nonc\u00e9 un \u00ab\u00a0accord de la honte\u00a0\u00bb quand l&rsquo;eurod\u00e9put\u00e9 Antonhy Smith d\u00e9plore une \u00ab\u00a0capitulation\u00a0\u00bb, regrettant notamment l&rsquo;achat d&rsquo;\u00e9nergie am\u00e9ricaine li\u00e9 \u00e0 l&rsquo;accord.<\/p>\n<p>M\u00eame constat pour Jean-Luc M\u00e9lenchon qui a estim\u00e9 que \u00ab\u00a0tout a \u00e9t\u00e9 c\u00e9d\u00e9 \u00e0 Trump\u00a0\u00bb.\u00a0\u00bbDroits de douane, obligation d&rsquo;achat, taxe de 5% sur le PIB : le lib\u00e9ralisme, la concurrence libre et non fauss\u00e9e et autres r\u00e8gles du Trait\u00e9 de Lisbonne sont une mauvaise blague\u00a0\u00bb, a-t-il d\u00e9nonc\u00e9, en dressant \u00ab\u00a0le choix de l&rsquo;insoumission \u00e0 l&rsquo;Empire et le non-alignement\u00a0\u00bb comme la \u00ab\u00a0seule alternative possible\u00a0\u00bb.<\/p>\n<p>Un accord \u00ab\u00a0in\u00e9gal\u00a0\u00bb, le contrat d&rsquo;\u00e9nergie d\u00e9nonc\u00e9<\/p>\n<p>Pour Dominique de Villepin, ce trait\u00e9 est \u00ab\u00a0in\u00e9gal\u00a0\u00bb, le comparant \u00e0 un \u00ab\u00a0tribut\u00a0\u00bb. L&rsquo;ancien Premier ministre s&rsquo;interroge: \u00ab\u00a0Un accord d\u2019investissement de 600 milliards de dollars \u00e0 sens unique mais qui co\u00fbtera combien d\u2019emplois \u00e0 l\u2019Europe?\u00a0\u00bb<\/p>\n<p>Il pointe \u00e9galement du doigt la \u00ab\u00a0vente forc\u00e9e de 750 milliards de dollars d&rsquo;\u00e9nergie\u00a0\u00bb et son impact sur \u00ab\u00a0la souverainet\u00e9 \u00e9nerg\u00e9tique europ\u00e9enne\u00a0\u00bb.<\/p>\n<p>Lors d&rsquo;une conf\u00e9rence de pr\u00e9sentation des contours de l&rsquo;accord douanier, Donald Trump a expliqu\u00e9 que l&rsquo;UE s&rsquo;engage \u00e0 750 milliards de dollars d&rsquo;achats d&rsquo;\u00e9nergie et \u00e0 600 milliards d&rsquo;investissements suppl\u00e9mentaires aux Etats-Unis. Tous les d\u00e9tails de l&rsquo;accord ne sont n\u00e9anmoins pas encore exactement connus et devront \u00eatre valid\u00e9s par les \u00c9tats membres de l&rsquo;UE.<\/p>\n<p>La pr\u00e9sidente de la Commission europ\u00e9enne Ursula von der Leyen, qui a parl\u00e9 d&rsquo;un \u00ab\u00a0bon accord\u00a0\u00bb, a pr\u00e9cis\u00e9 que les deux puissances \u00e9conomiques ont d\u00e9cid\u00e9 de lever tous leurs droits de douane sur certains de leurs produits, dont l&rsquo;a\u00e9ronautique.<\/p>\n<p>Le Pen d\u00e9nonce des \u00ab\u00a0clauses asym\u00e9triques\u00a0\u00bb<\/p>\n<p>La d\u00e9put\u00e9e (RN) Marine Le Pen a \u00e9galement attaqu\u00e9 un \u00ab\u00a0fiasco politique, \u00e9conomique et moral\u00a0\u00bb, dans un communiqu\u00e9 publi\u00e9 sur X.<\/p>\n<p>L&rsquo;\u00e9lue d&rsquo;extr\u00eame droite souligne que l&rsquo;Union europ\u00e9enne a \u00ab\u00a0obtenu de moins bonnes conditions que le Royaume-Uni\u00a0\u00bb et d\u00e9plore des \u00ab\u00a0clauses asym\u00e9triques que jamais la France n&rsquo;aurait accept\u00e9es\u00a0\u00bb.<\/p>\n<p>Rome et Berlin attendent les d\u00e9tails<\/p>\n<p>\u00ab\u00a0Nous avons ainsi pu pr\u00e9server nos int\u00e9r\u00eats fondamentaux\u00a0\u00bb, a salu\u00e9, de son c\u00f4t\u00e9, le chancelier allemand Friedrich Merz. Ce dernier estime qu&rsquo;il permet d'\u00a0\u00bb\u00e9viter une escalade inutile dans les relations commerciales transatlantiques\u00a0\u00bb.<\/p>\n<p>Le chef de la diplomatie italienne, Antonio Tajani, estime que \u00ab\u00a0l&rsquo;accord entre l&rsquo;UE et les Etats-Unis met un terme \u00e0 une phase d&rsquo;incertitude et \u00e9vite une guerre commerciale\u00a0\u00bb.<\/p>\n<p>Au m\u00eame titre que l&rsquo;ancienne ministre des Affaires \u00e9trang\u00e8res, Catherine Colonna, qui a simplement comment\u00e9 sur X \u00ab\u00a0\u00e0 clarifier donc\u00a0\u00bb, Antonio Tajani a temp\u00e9r\u00e9 en assurant vouloir examiner \u00ab\u00a0tous les d\u00e9tails\u00a0\u00bb.<\/p>\n<p>\u00ab\u00a0Je consid\u00e8re positif qu&rsquo;il y ait un accord mais tant que je ne vois pas les d\u00e9tails, je ne peux pas formuler un jugement meilleur\u00a0\u00bb, a compl\u00e9t\u00e9 la cheffe du gouvernement Giorgia Meloni, lors d&rsquo;une visite en Ethiopie.<\/p>\n<p>\u00ab\u00a0Je ne sais pas si on parler d&rsquo;un accord. C&rsquo;est tout simplement la volont\u00e9 du pr\u00e9sident des \u00c9tats-Unis d&rsquo;imposer au monde entier sa vision\u00a0\u00bb, a d\u00e9clar\u00e9 Thierry Breton, sur le plateau de BFMTV.<\/p>\n","protected":false},"excerpt":{"rendered":"Les \u00c9tats-Unis et l&rsquo;Union europ\u00e9enne sont arriv\u00e9s \u00e0 un consensus sur les droits de douane, ce dimanche 27&hellip;\n","protected":false},"author":2,"featured_media":278147,"comment_status":"","ping_status":"","sticky":false,"template":"","format":"standard","meta":{"footnotes":""},"categories":[1586],"tags":[11,1777,674,1779,1011,27,12,25,1778,364],"class_list":{"0":"post-278146","1":"post","2":"type-post","3":"status-publish","4":"format-standard","5":"has-post-thumbnail","7":"category-europe","8":"tag-actualites","9":"tag-eu","10":"tag-europe","11":"tag-european-union","12":"tag-fr","13":"tag-france","14":"tag-news","15":"tag-republique-francaise","16":"tag-ue","17":"tag-union-europeenne"},"share_on_mastodon":{"url":"https:\/\/pubeurope.com\/@fr\/114927183055237223","error":""},"_links":{"self":[{"href":"https:\/\/www.europesays.com\/fr\/wp-json\/wp\/v2\/posts\/278146","targetHints":{"allow":["GET"]}}],"collection":[{"href":"https:\/\/www.europesays.com\/fr\/wp-json\/wp\/v2\/posts"}],"about":[{"href":"https:\/\/www.europesays.com\/fr\/wp-json\/wp\/v2\/types\/post"}],"author":[{"embeddable":true,"href":"https:\/\/www.europesays.com\/fr\/wp-json\/wp\/v2\/users\/2"}],"replies":[{"embeddable":true,"href":"https:\/\/www.europesays.com\/fr\/wp-json\/wp\/v2\/comments?post=278146"}],"version-history":[{"count":0,"href":"https:\/\/www.europesays.com\/fr\/wp-json\/wp\/v2\/posts\/278146\/revisions"}],"wp:featuredmedia":[{"embeddable":true,"href":"https:\/\/www.europesays.com\/fr\/wp-json\/wp\/v2\/media\/278147"}],"wp:attachment":[{"href":"https:\/\/www.europesays.com\/fr\/wp-json\/wp\/v2\/media?parent=278146"}],"wp:term":[{"taxonomy":"category","embeddable":true,"href":"https:\/\/www.europesays.com\/fr\/wp-json\/wp\/v2\/categories?post=278146"},{"taxonomy":"post_tag","embeddable":true,"href":"https:\/\/www.europesays.com\/fr\/wp-json\/wp\/v2\/tags?post=278146"}],"curies":[{"name":"wp","href":"https:\/\/api.w.org\/{rel}","templated":true}]}}