{"id":278148,"date":"2025-07-27T20:53:11","date_gmt":"2025-07-27T20:53:11","guid":{"rendered":"https:\/\/www.europesays.com\/fr\/278148\/"},"modified":"2025-07-27T20:53:11","modified_gmt":"2025-07-27T20:53:11","slug":"au-moins-trois-morts-et-plusieurs-blesses-liberation","status":"publish","type":"post","link":"https:\/\/www.europesays.com\/fr\/278148\/","title":{"rendered":"au moins trois morts et plusieurs bless\u00e9s \u2013 Lib\u00e9ration"},"content":{"rendered":"<p class=\"sc-ksZaOG ehjQrN text-element\">Les images sont impressionnantes. Un train de voyageurs a d\u00e9raill\u00e9 ce dimanche 27 juillet au soir dans le sud-ouest de l\u2019Allemagne, pr\u00e8s de la ville de Riedlingen, dans le Land du Bade-Wurtemberg.<\/p>\n<p class=\"sc-ksZaOG ehjQrN text-element\">L\u2019accident ferroviaire se serait produit vers 18h10, selon un porte-parole de la police f\u00e9d\u00e9rale \u00e0 Stuttgart, cit\u00e9 <a href=\"https:\/\/www.bild.de\/news\/inland\/zugunglueck-in-baden-wuerttemberg-personenzug-entgleist-tote-und-verletzte-68865ba70e680a76f4e9743c\" target=\"_blank\" rel=\"noreferrer nofollow noopener\" title=\"https:\/\/www.bild.de\/news\/inland\/zugunglueck-in-baden-wuerttemberg-personenzug-entgleist-tote-und-verletzte-68865ba70e680a76f4e9743c\">par le quotidien Bild<\/a>. D\u2019apr\u00e8s cette source, \u00abdeux wagons du train express r\u00e9gional de la Deutsche Bahn ont d\u00e9raill\u00e9\u00bb et au moins trois personnes sont mortes et plusieurs autres ont \u00e9t\u00e9 bless\u00e9es, selon un bilan provisoire de la police. \u00abAucune information ne peut actuellement \u00eatre donn\u00e9e sur la gravit\u00e9 des blessures\u00bb des passagers, a ajout\u00e9 le porte-parole. Le train transportait plus une centaine de passagers. La police avait donn\u00e9 pr\u00e9c\u00e9demment un bilan de 4 morts.<\/p>\n<p class=\"sc-ksZaOG ehjQrN text-element\">La compagnie ferroviaire Deutsche Bahn a pour sa part fait \u00e9tat \u00ab de plusieurs morts et de nombreux bless\u00e9s \u00bb.\u00a0Deux voitures du train ont d\u00e9raill\u00e9 \u00ab pour une raison encore inconnue. Les autorit\u00e9s enqu\u00eatent actuellement sur les circonstances de l\u2019accident \u00bb, a-t-elle pr\u00e9cis\u00e9, ajoutant que le trafic ferroviaire \u00e9tait interrompu sur une portion de 40 kilom\u00e8tres environ.<\/p>\n<p class=\"sc-ksZaOG ehjQrN text-element\">Des m\u00e9dias allemands ont \u00e9voqu\u00e9 comme possible cause un glissement de terrain, alors que des orages violents ont balay\u00e9 la r\u00e9gion, selon des informations des services m\u00e9t\u00e9orologiques.<\/p>\n<p class=\"sc-ksZaOG ehjQrN text-element\">Vers 19 h 30, selon Bild, un important contingent de policiers, de pompiers et de secouristes \u00e9tait sur place pour prendre en charge les bless\u00e9s, mais le lieu de l\u2019accident, au milieu de la for\u00eat, \u00e9tait particuli\u00e8rement difficile d\u2019acc\u00e8s. Selon <a href=\"https:\/\/www.swp.de\/lokales\/ulm\/unglueck-in-oberschwaben-zug-im-kreis-biberach-entgleist-78211082.html\" target=\"_blank\" rel=\"noreferrer nofollow noopener\" title=\"https:\/\/www.swp.de\/lokales\/ulm\/unglueck-in-oberschwaben-zug-im-kreis-biberach-entgleist-78211082.html\">les informations du S\u00fcdwest Presse<\/a>, \u00abdes lits sont actuellement lib\u00e9r\u00e9s au service de soins intensifs de l\u2019h\u00f4pital universitaire d\u2019Ulm pour accueillir les bless\u00e9s\u00bb. Une enqu\u00eate est en cours pour d\u00e9terminer les causes de l\u2019accident.<\/p>\n<p class=\"sc-ksZaOG ehjQrN text-element\">Sur les lieux, les pompiers s\u2019employaient \u00e0 d\u00e9gager les voitures jaunes et grises du train renvers\u00e9es sur le flanc, selon les images diffus\u00e9es sur les t\u00e9l\u00e9visions, dans un endroit encaiss\u00e9 et difficile d\u2019acc\u00e8s. D\u2019apr\u00e8s les m\u00e9dias allemands, ils ont d\u00fb parcourir une longue distance pour parvenir sur place. Des h\u00e9licopt\u00e8res ont par ailleurs \u00e9t\u00e9 mobilis\u00e9s pour \u00e9vacuer les bless\u00e9s vers les h\u00f4pitaux des environs.\u00a0<\/p>\n<p class=\"sc-ksZaOG ehjQrN text-element\">Le chancelier allemand Friedrich Merz s\u2019est dit \u00ab profond\u00e9ment boulevers\u00e9 \u00bb et a exprim\u00e9 sa \u00ab sympathie aux victimes et \u00e0 leurs proches \u00bb.\u00a0\u00ab Je suis en contact \u00e9troit avec le ministre de l\u2019Int\u00e9rieur et le ministre des Transports, \u00e0 qui j\u2019ai demand\u00e9 de mettre tous les moyens n\u00e9cessaires \u00e0 la disposition des \u00e9quipes de secours \u00bb, a-t-il ajout\u00e9 sur le r\u00e9seau social X.\u00a0<\/p>\n<p class=\"sc-ksZaOG ehjQrN text-element\">Les transports allemands sont r\u00e9guli\u00e8rement point\u00e9s du doigt par les passagers en raison du retard des trains et de la v\u00e9tust\u00e9 des infrastructures.\u00a0Le nouveau gouvernement conservateur s\u2019est engag\u00e9 \u00e0 investir plusieurs centaines de milliards d\u2019euros au cours des prochaines ann\u00e9es, notamment pour moderniser les infrastructures.<\/p>\n<p class=\"sc-ksZaOG ehjQrN text-element\">En juin 2022, le d\u00e9raillement d\u2019un train r\u00e9gional avait fait quatre morts et trente bless\u00e9s dans les Alpes bavaroises (sud). Une enqu\u00eate visant trois employ\u00e9s de la compagnie ferroviaire Deutsche Bahn avait par la suite \u00e9t\u00e9 ouverte pour suspicion d\u2019homicide par n\u00e9gligence.<\/p>\n<p class=\"sc-ksZaOG ehjQrN text-element\">L\u2019accident ferroviaire le plus meurtrier en Allemagne s\u2019est produit en 1998, lorsqu\u2019un train \u00e0 grande vitesse a d\u00e9raill\u00e9 \u00e0 Eschede, en Basse-Saxe (nord), tuant 101 personnes.<\/p>\n<p class=\"sc-ksZaOG ehjQrN text-element\"><b>Mis \u00e0 jour le 27\/07\/2025 \u00e0 22h40<\/b> avec nouveau bilan et nouveaux \u00e9l\u00e9ments et r\u00e9actions.<\/p>\n","protected":false},"excerpt":{"rendered":"Les images sont impressionnantes. Un train de voyageurs a d\u00e9raill\u00e9 ce dimanche 27 juillet au soir dans le&hellip;\n","protected":false},"author":2,"featured_media":278149,"comment_status":"","ping_status":"","sticky":false,"template":"","format":"standard","meta":{"footnotes":""},"categories":[2],"tags":[11,672,1011,27,12,25],"class_list":{"0":"post-278148","1":"post","2":"type-post","3":"status-publish","4":"format-standard","5":"has-post-thumbnail","7":"category-actualites","8":"tag-actualites","9":"tag-allemagne","10":"tag-fr","11":"tag-france","12":"tag-news","13":"tag-republique-francaise"},"share_on_mastodon":{"url":"https:\/\/pubeurope.com\/@fr\/114927186995470107","error":""},"_links":{"self":[{"href":"https:\/\/www.europesays.com\/fr\/wp-json\/wp\/v2\/posts\/278148","targetHints":{"allow":["GET"]}}],"collection":[{"href":"https:\/\/www.europesays.com\/fr\/wp-json\/wp\/v2\/posts"}],"about":[{"href":"https:\/\/www.europesays.com\/fr\/wp-json\/wp\/v2\/types\/post"}],"author":[{"embeddable":true,"href":"https:\/\/www.europesays.com\/fr\/wp-json\/wp\/v2\/users\/2"}],"replies":[{"embeddable":true,"href":"https:\/\/www.europesays.com\/fr\/wp-json\/wp\/v2\/comments?post=278148"}],"version-history":[{"count":0,"href":"https:\/\/www.europesays.com\/fr\/wp-json\/wp\/v2\/posts\/278148\/revisions"}],"wp:featuredmedia":[{"embeddable":true,"href":"https:\/\/www.europesays.com\/fr\/wp-json\/wp\/v2\/media\/278149"}],"wp:attachment":[{"href":"https:\/\/www.europesays.com\/fr\/wp-json\/wp\/v2\/media?parent=278148"}],"wp:term":[{"taxonomy":"category","embeddable":true,"href":"https:\/\/www.europesays.com\/fr\/wp-json\/wp\/v2\/categories?post=278148"},{"taxonomy":"post_tag","embeddable":true,"href":"https:\/\/www.europesays.com\/fr\/wp-json\/wp\/v2\/tags?post=278148"}],"curies":[{"name":"wp","href":"https:\/\/api.w.org\/{rel}","templated":true}]}}