{"id":278156,"date":"2025-07-27T20:58:10","date_gmt":"2025-07-27T20:58:10","guid":{"rendered":"https:\/\/www.europesays.com\/fr\/278156\/"},"modified":"2025-07-27T20:58:10","modified_gmt":"2025-07-27T20:58:10","slug":"cest-deja-2026-decouvrez-votre-nouveau-numero-de-midi-olympique","status":"publish","type":"post","link":"https:\/\/www.europesays.com\/fr\/278156\/","title":{"rendered":"\u00ab\u00a0C&rsquo;est d\u00e9j\u00e0 2026\u00a0\u00bb : D\u00e9couvrez votre nouveau num\u00e9ro de Midi Olympique"},"content":{"rendered":"<p>\n                Affal\u00e9 sur un transat ou impatient de l&rsquo;\u00eatre ? D\u00e9couvrez d\u00e8s maintenant, en num\u00e9rique, la nouvelle \u00e9dition du Midi Olympique, en date du 28 juillet, pour \u00eatre au fait de toute l&rsquo;actualit\u00e9 rugbystique.\n            <\/p>\n<p>Le XV de France est rentr\u00e9 depuis une semaine, apr\u00e8s une tourn\u00e9e en Nouvelle-Z\u00e9lande peu r\u00e9jouissante. D\u00e8s lors, l&rsquo;actualit\u00e9 du rugby est marqu\u00e9e par un march\u00e9 des transferts tr\u00e8s actif. On s&rsquo;int\u00e9resse d&rsquo;ailleurs, d\u00e9j\u00e0, aux dossiers br\u00fblants pour la saison prochaine.<\/p>\n<p>A l&rsquo;image de L\u00e9o Coly, recrut\u00e9 par l&rsquo;Aviron bayonnais pour la saison 2026-2027, les clubs et les joueurs traitent de plus en plus en amont des fins de contrat. Le demi de m\u00eal\u00e9e, toujours \u00e0 Montpellier, s&rsquo;explique \u00e0 ce sujet, et \u00e7a n&rsquo;est pas le seul dossier, quand on pense \u00e0 Emilien Gailleton, Thibaud Flament et Juan Cruz Mallia, ou encore Laurent Labit et Gregory Patat chez les staffs.<\/p>\n<p>Et comme la comp\u00e9tition n&rsquo;est jamais vraiment en pause, la r\u00e9daction revient sur le match remarquable que se sont livr\u00e9 Lions et Wallabies \u00e0 Melbourne devant 90000 personnes, et souffle les bougies du sacre olympique de France VII, avec une interview pleine d&rsquo;\u00e9motions de J\u00e9r\u00f4me Daret.<\/p>\n<p>A d\u00e9couvrir \u00e9galement :\u00a0<\/p>\n<ul>\n<li>le d\u00e9but de notre s\u00e9rie exceptionnelle \u00ab\u00a0B\u00e9ziers, l&rsquo;\u00e9t\u00e9 meutrier\u00a0\u00bb, qui revient sur le feuilleton estival 2020 autour du rachat de B\u00e9ziers.<\/li>\n<li>les \u00ab\u00a0sagas\u00a0\u00bb Colomiers et Agen, pour tout savoir sur les deux clubs<\/li>\n<li>la reprise dans des locaux neufs de l&rsquo;Usap<\/li>\n<li>toutes les mutations des clubs de F\u00e9d\u00e9rale 1<\/li>\n<\/ul>\n<p>Bonne lecture !<\/p>\n","protected":false},"excerpt":{"rendered":"Affal\u00e9 sur un transat ou impatient de l&rsquo;\u00eatre ? D\u00e9couvrez d\u00e8s maintenant, en num\u00e9rique, la nouvelle \u00e9dition du&hellip;\n","protected":false},"author":2,"featured_media":278157,"comment_status":"","ping_status":"","sticky":false,"template":"","format":"standard","meta":{"footnotes":""},"categories":[1416],"tags":[1011,27,479,1468,60],"class_list":{"0":"post-278156","1":"post","2":"type-post","3":"status-publish","4":"format-standard","5":"has-post-thumbnail","7":"category-rugby","8":"tag-fr","9":"tag-france","10":"tag-rugby","11":"tag-rugby-football","12":"tag-sports"},"share_on_mastodon":{"url":"https:\/\/pubeurope.com\/@fr\/114927206623393934","error":""},"_links":{"self":[{"href":"https:\/\/www.europesays.com\/fr\/wp-json\/wp\/v2\/posts\/278156","targetHints":{"allow":["GET"]}}],"collection":[{"href":"https:\/\/www.europesays.com\/fr\/wp-json\/wp\/v2\/posts"}],"about":[{"href":"https:\/\/www.europesays.com\/fr\/wp-json\/wp\/v2\/types\/post"}],"author":[{"embeddable":true,"href":"https:\/\/www.europesays.com\/fr\/wp-json\/wp\/v2\/users\/2"}],"replies":[{"embeddable":true,"href":"https:\/\/www.europesays.com\/fr\/wp-json\/wp\/v2\/comments?post=278156"}],"version-history":[{"count":0,"href":"https:\/\/www.europesays.com\/fr\/wp-json\/wp\/v2\/posts\/278156\/revisions"}],"wp:featuredmedia":[{"embeddable":true,"href":"https:\/\/www.europesays.com\/fr\/wp-json\/wp\/v2\/media\/278157"}],"wp:attachment":[{"href":"https:\/\/www.europesays.com\/fr\/wp-json\/wp\/v2\/media?parent=278156"}],"wp:term":[{"taxonomy":"category","embeddable":true,"href":"https:\/\/www.europesays.com\/fr\/wp-json\/wp\/v2\/categories?post=278156"},{"taxonomy":"post_tag","embeddable":true,"href":"https:\/\/www.europesays.com\/fr\/wp-json\/wp\/v2\/tags?post=278156"}],"curies":[{"name":"wp","href":"https:\/\/api.w.org\/{rel}","templated":true}]}}